{"id":13329,"date":"2021-02-09T08:32:47","date_gmt":"2021-02-09T11:32:47","guid":{"rendered":"http:\/\/www.centraldenoticias.com.ar\/?p=13329"},"modified":"2021-02-09T08:41:58","modified_gmt":"2021-02-09T11:41:58","slug":"con-gran-cantidad-de-ingresantes-la-fio-arranco-su-actividad-anual","status":"publish","type":"post","link":"https:\/\/cdnoticias.com\/index.php\/2021\/02\/09\/con-gran-cantidad-de-ingresantes-la-fio-arranco-su-actividad-anual\/","title":{"rendered":"Con gran cantidad de ingresantes la FIO arranc\u00f3 su actividad anual"},"content":{"rendered":"<p>Mediante la utilizaci\u00f3n de plataformas virtuales la Facultad de Ingenier\u00eda puso en marcha el programa de ingreso.<!--more--><\/p>\n<hr \/>\n<p>En un comienzo de a\u00f1o especial para el cursado de una carrera universitaria, la Facultad de Ingenier\u00eda de la UNICEN puso en marcha su Programa de Ingreso para muchos j\u00f3venes de la regi\u00f3n, y de distintos puntos de la provincia y del pa\u00eds. <strong>En tanto, todav\u00eda permanece abierta la inscripci\u00f3n hasta el 17 de febrero.<\/strong><\/p>\n<p>&nbsp;<\/p>\n<p>A trav\u00e9s de un video de bienvenida, la secretaria acad\u00e9mica Beatriz Bouciguez destac\u00f3 que <strong>\u201csi bien es un a\u00f1o diferente, tenemos muchas expectativas. Y todos los integrantes de la FIO estamos muy contentos de recibirlos, como todos los a\u00f1os\u201d.<\/strong><\/p>\n<p>&nbsp;<\/p>\n<p>El decano Marcelo Spina, por la misma v\u00eda, destac\u00f3 que este inicio de las actividades para los ingresantes \u201ces un acontecimiento muy especial\u201d. Por la pandemia, \u201cestamos en una situaci\u00f3n diferente. Si estuvi\u00e9ramos juntos en forma presencial, en este momento estar\u00edamos con otra energ\u00eda dentro de un aula con m\u00e1s de 200 j\u00f3venes, con ganas de trabajar, de ver de qu\u00e9 se trata la Universidad. <strong>En lo presencial se percibe esa energ\u00eda, ahora estamos mediados por la tecnolog\u00edas, pero le ponemos la misma pasi\u00f3n<\/strong>\u201d.<\/p>\n<p>&nbsp;<\/p>\n<p><img data-recalc-dims=\"1\" loading=\"lazy\" decoding=\"async\" class=\"alignnone size-full wp-image-13330\" src=\"https:\/\/i0.wp.com\/cdnoticias.com\/wp-content\/uploads\/2021\/02\/es.pe_.jpg?resize=800%2C419&#038;ssl=1\" alt=\"\" width=\"800\" height=\"419\" srcset=\"https:\/\/i0.wp.com\/cdnoticias.com\/wp-content\/uploads\/2021\/02\/es.pe_.jpg?w=800&amp;ssl=1 800w, https:\/\/i0.wp.com\/cdnoticias.com\/wp-content\/uploads\/2021\/02\/es.pe_.jpg?resize=300%2C157&amp;ssl=1 300w, https:\/\/i0.wp.com\/cdnoticias.com\/wp-content\/uploads\/2021\/02\/es.pe_.jpg?resize=768%2C402&amp;ssl=1 768w, https:\/\/i0.wp.com\/cdnoticias.com\/wp-content\/uploads\/2021\/02\/es.pe_.jpg?resize=390%2C205&amp;ssl=1 390w\" sizes=\"auto, (max-width: 800px) 100vw, 800px\" \/><\/p>\n<p>&nbsp;<\/p>\n<p>\u201cPonerse la camiseta de universitario no significa renunciar a ser j\u00f3venes, a disfrutar de otros intereses\u201d, les dijo Spina a los ingresantes. \u201cHoy comienzan un camino con una responsabilidad que les otorga la sociedad, y sus mismo afectos\u201d, agreg\u00f3. <strong>&#8220;Nosotros tenemos las mismas expectativas que ustedes y celebramos que hayan elegido a la universidad p\u00fablica, que es un espacio de calidad en la formaci\u00f3n de profesionales, y un derecho social para el desarrollo territorial\u201d<\/strong>, sostuvo el decano.<\/p>\n<p>&nbsp;<\/p>\n<p>En el mismo mensaje, la vicedecana de la FIO Mar\u00eda Peralta admiti\u00f3 que \u201cpercibimos al recibir a los ingresantes esa mochila cargada de sue\u00f1os, de ganas de pensar y forjar su futuro a partir de la carrera elegida. Nosotros les proponemos transformar esos desaf\u00edos en oportunidades\u201d, los alent\u00f3. <strong>\u201cSi bien no podemos por ahora compartir espacios, lo bueno es que estamos conectados. Y como hace 51 a\u00f1os los acompa\u00f1amos para construir esos sue\u00f1os, y lo hacemos juntos\u201d<\/strong>, subray\u00f3 Peralta.<\/p>\n<p>&nbsp;<\/p>\n<p><em><strong>Desde el principio<\/strong><\/em><\/p>\n<p>&nbsp;<\/p>\n<p>Los ingresantes de Ingenier\u00eda tambi\u00e9n recibieron la bienvenida y el saludo de la licenciada Mabel Ju\u00e1rez, directora del Programa de Ingreso. \u201cEn esta modalidad virtual del Programa, garantizamos la calidad de la ense\u00f1anza\u201d, asegur\u00f3. <strong>\u201cSu decisi\u00f3n de estudiar en la Universidad es un paso muy importante en sus vidas. Desde ac\u00e1 los alentamos a continuar por ese camino\u201d<\/strong>, les dijo. \u201cEl recorrido puede presentarse con obst\u00e1culos, que pueden sortearse con perseverancia, esfuerzo y dedicaci\u00f3n. Es un camino que se construye paso a paso. Y los docentes acompa\u00f1an y facilitan los medios para realizar de manera exitosa el comienzo de esta etapa\u201d, agreg\u00f3.<\/p>\n<p>&nbsp;<\/p>\n<p>Para este proceso de iniciaci\u00f3n, y en funci\u00f3n de la pandemia, <strong>el Programa contempla este a\u00f1o un total de diez comisiones para distribuir a los j\u00f3venes. Es un n\u00famero mayor al que tenemos en la presencialidad. As\u00ed, los docentes pueden tener un n\u00famero reducido de estudiantes, y es una forma de acompa\u00f1arlos de una manera m\u00e1s personalizada<\/strong>\u201d, destac\u00f3 Ju\u00e1rez.<\/p>\n<p>&nbsp;<\/p>\n<p>La directora resalt\u00f3, asimismo, \u201cel equipo docente, los participantes, y a la FIO, porque ha hecho posible el desarrollo de este Programa desde el primer d\u00eda, con un gran trabajo en equipo\u201d. El Programa de Ingreso se extender\u00e1 con esta modalidad hasta el 16 de marzo.\u00a0<strong>La comunidad de Ingenier\u00eda, desde sus lugares y funciones, se ha comprometido para que este proceso tan especial sea transitado como si todos y todas estuvieran en el Complejo Universitario. Y es un compromiso que se extender\u00e1 cuando las aulas vuelvan a estar llenas<\/strong>.<\/p>\n","protected":false},"excerpt":{"rendered":"<p>Mediante la utilizaci\u00f3n de plataformas virtuales la Facultad de Ingenier\u00eda puso en marcha el programa de ingreso.<\/p>\n","protected":false},"author":3,"featured_media":13332,"comment_status":"closed","ping_status":"closed","sticky":false,"template":"","format":"standard","meta":{"_jetpack_memberships_contains_paid_content":false,"footnotes":""},"categories":[5,1],"tags":[],"class_list":["post-13329","post","type-post","status-publish","format-standard","has-post-thumbnail","hentry","category-informacion-general","category-portada"],"jetpack_featured_media_url":"https:\/\/i0.wp.com\/cdnoticias.com\/wp-content\/uploads\/2021\/02\/05.jpg?fit=983%2C444&ssl=1","jetpack_sharing_enabled":true,"_links":{"self":[{"href":"https:\/\/cdnoticias.com\/index.php\/wp-json\/wp\/v2\/posts\/13329","targetHints":{"allow":["GET"]}}],"collection":[{"href":"https:\/\/cdnoticias.com\/index.php\/wp-json\/wp\/v2\/posts"}],"about":[{"href":"https:\/\/cdnoticias.com\/index.php\/wp-json\/wp\/v2\/types\/post"}],"author":[{"embeddable":true,"href":"https:\/\/cdnoticias.com\/index.php\/wp-json\/wp\/v2\/users\/3"}],"replies":[{"embeddable":true,"href":"https:\/\/cdnoticias.com\/index.php\/wp-json\/wp\/v2\/comments?post=13329"}],"version-history":[{"count":0,"href":"https:\/\/cdnoticias.com\/index.php\/wp-json\/wp\/v2\/posts\/13329\/revisions"}],"wp:featuredmedia":[{"embeddable":true,"href":"https:\/\/cdnoticias.com\/index.php\/wp-json\/wp\/v2\/media\/13332"}],"wp:attachment":[{"href":"https:\/\/cdnoticias.com\/index.php\/wp-json\/wp\/v2\/media?parent=13329"}],"wp:term":[{"taxonomy":"category","embeddable":true,"href":"https:\/\/cdnoticias.com\/index.php\/wp-json\/wp\/v2\/categories?post=13329"},{"taxonomy":"post_tag","embeddable":true,"href":"https:\/\/cdnoticias.com\/index.php\/wp-json\/wp\/v2\/tags?post=13329"}],"curies":[{"name":"wp","href":"https:\/\/api.w.org\/{rel}","templated":true}]}}