{"id":133271,"date":"2024-12-25T11:14:14","date_gmt":"2024-12-25T14:14:14","guid":{"rendered":"https:\/\/cdnoticias.com\/?p=133271"},"modified":"2024-12-25T11:14:16","modified_gmt":"2024-12-25T14:14:16","slug":"nueva-convocatoria-a-reempadronamiento-de-entidades-de-bien-publico-de-olavarria","status":"publish","type":"post","link":"https:\/\/cdnoticias.com\/index.php\/2024\/12\/25\/nueva-convocatoria-a-reempadronamiento-de-entidades-de-bien-publico-de-olavarria\/","title":{"rendered":"Nueva convocatoria a reempadronamiento de entidades de bien p\u00fablico de Olavarr\u00eda"},"content":{"rendered":"\n<p>Fue informado por el Municipio. Es para dos instituciones locales, la Sociedad de Fomento \u201cCreador de la bandera\u201d y la Sociedad de Fomento General Jos\u00e9 Francisco de San Mart\u00edn.<\/p>\n\n\n\n<hr class=\"wp-block-separator aligncenter has-alpha-channel-opacity\"\/>\n\n\n\n<p>La <strong>Direcci\u00f3n de Relaciones con la Comunidad da a conocer nuevas convocatorias a reempadronamiento, por parte de entidades de bien p\u00fablico<\/strong> de nuestra ciudad.<\/p>\n\n\n\n<p>En primer lugar,<strong> la Sociedad de Fomento \u201cCreador de la bandera\u201d <\/strong>convoca a vecinos y vecinas del radio de Av. Del valle, Av. Pueyrred\u00f3n, Av. Pellegrini y v\u00edas del ferrocarril Roca, a concurrir a Av. Urquiza N\u00b0 1959 \u201cPolirrubro la quinta avenida\u201d; desde el 2 de enero al 1\u00b0 de febrero de 2025, de 09:00 a 11:00 horas y de 17:00 a 19:00 horas.<\/p>\n\n\n\n<p>Por otro lado, desde la <strong>Sociedad de Fomento General Jos\u00e9 Francisco de San Martin<\/strong>, se convoca a la comunidad del radio de Av. Pellegrini, Av. Avellaneda, Av. La Rioja y v\u00edas del ex. F.c. Provincial, a concurrir a la sede, ubicada en Islas Malvinas y P\u00e9rez Esquivel (barrio CECO), desde el 23 de diciembre 2024 al 22 de enero de 2025, de 18:00 a 20:00 horas.<\/p>\n\n\n\n<p>En ambos casos, <strong>se deja constancia que las personas re empadronadas ser\u00e1n las \u00fanicas que podr\u00e1n concurrir a la asamblea ordinaria que se convocar\u00e1 oportunamente y, asimismo, quienes podr\u00e1n participar de la lista a cubrir los cargos de ambas comisiones.<\/strong><\/p>\n","protected":false},"excerpt":{"rendered":"<p>Fue informado por el Municipio. Es para dos instituciones locales, la Sociedad de Fomento \u201cCreador de la bandera\u201d y la<\/p>\n","protected":false},"author":2,"featured_media":133272,"comment_status":"closed","ping_status":"closed","sticky":false,"template":"","format":"standard","meta":{"_jetpack_memberships_contains_paid_content":false,"footnotes":""},"categories":[5,1],"tags":[],"class_list":["post-133271","post","type-post","status-publish","format-standard","has-post-thumbnail","hentry","category-informacion-general","category-portada"],"jetpack_featured_media_url":"https:\/\/i0.wp.com\/cdnoticias.com\/wp-content\/uploads\/2024\/12\/PLACA-WEB-COMUNIDAD-1024x653-1.jpg?fit=1024%2C653&ssl=1","jetpack_sharing_enabled":true,"_links":{"self":[{"href":"https:\/\/cdnoticias.com\/index.php\/wp-json\/wp\/v2\/posts\/133271","targetHints":{"allow":["GET"]}}],"collection":[{"href":"https:\/\/cdnoticias.com\/index.php\/wp-json\/wp\/v2\/posts"}],"about":[{"href":"https:\/\/cdnoticias.com\/index.php\/wp-json\/wp\/v2\/types\/post"}],"author":[{"embeddable":true,"href":"https:\/\/cdnoticias.com\/index.php\/wp-json\/wp\/v2\/users\/2"}],"replies":[{"embeddable":true,"href":"https:\/\/cdnoticias.com\/index.php\/wp-json\/wp\/v2\/comments?post=133271"}],"version-history":[{"count":0,"href":"https:\/\/cdnoticias.com\/index.php\/wp-json\/wp\/v2\/posts\/133271\/revisions"}],"wp:featuredmedia":[{"embeddable":true,"href":"https:\/\/cdnoticias.com\/index.php\/wp-json\/wp\/v2\/media\/133272"}],"wp:attachment":[{"href":"https:\/\/cdnoticias.com\/index.php\/wp-json\/wp\/v2\/media?parent=133271"}],"wp:term":[{"taxonomy":"category","embeddable":true,"href":"https:\/\/cdnoticias.com\/index.php\/wp-json\/wp\/v2\/categories?post=133271"},{"taxonomy":"post_tag","embeddable":true,"href":"https:\/\/cdnoticias.com\/index.php\/wp-json\/wp\/v2\/tags?post=133271"}],"curies":[{"name":"wp","href":"https:\/\/api.w.org\/{rel}","templated":true}]}}