{"id":133245,"date":"2024-12-24T16:51:08","date_gmt":"2024-12-24T19:51:08","guid":{"rendered":"https:\/\/cdnoticias.com\/?p=133245"},"modified":"2024-12-24T18:23:47","modified_gmt":"2024-12-24T21:23:47","slug":"centro-de-estudiantes-del-instituto-130-estamos-orgullosos-de-anunciar-que-lo-logramos","status":"publish","type":"post","link":"https:\/\/cdnoticias.com\/index.php\/2024\/12\/24\/centro-de-estudiantes-del-instituto-130-estamos-orgullosos-de-anunciar-que-lo-logramos\/","title":{"rendered":"Centro de Estudiantes del Instituto 130: \u201cestamos orgullosos de anunciar que lo logramos\u201d"},"content":{"rendered":"\n<p>Los integrantes de la agrupaci\u00f3n Acci\u00f3n Colectiva Estudiantil anunciaron que no habr\u00e1 mudanza del Instituto a la Escuela T\u00e9cnica N\u00b02 y seguir\u00e1n en Normal, \u201cun lugar clave para la educaci\u00f3n p\u00fablica y el futuro de nuestras comunidades\u201d.<\/p>\n\n\n\n<hr class=\"wp-block-separator aligncenter has-alpha-channel-opacity\"\/>\n\n\n\n<p>Este jueves, en Nochebuena, <strong>la agrupaci\u00f3n Acci\u00f3n Colectiva Estudiantil, que dirige el centro de estudiantes del Instituto 130, ratificaron desde sus redes sociales que no habr\u00e1 mudanza de la instituci\u00f3n a la T\u00e9cnica N\u00b02.<\/strong><\/p>\n\n\n\n<p>Titulado \u201c\u00a1Estamos orgullosos de anunciar que lo logramos!\u201d los estudiantes confirmaron que <strong>el Instituto 130 <em>\u201ccontinuar\u00e1 formando a sus alumnos en el Colegio Normal, un lugar clave para la educaci\u00f3n p\u00fablica y el futuro de nuestras comunidades\u201d.<\/em><\/strong><\/p>\n\n\n\n<p>Agradecieron, en este sentido,<em> \u201cpor el respaldo constante en nuestra lucha\u201d.<\/em><\/p>\n\n\n\n<blockquote class=\"wp-block-quote is-layout-flow wp-block-quote-is-layout-flow\">\n<p>\u201cA pesar de los esfuerzos por socavar la calidad de la educaci\u00f3n p\u00fablica, hemos logrado mantener nuestra convicci\u00f3n de que cada joven merece una formaci\u00f3n integral, que no dependa de intereses ajenos a su bienestar\u201d.<\/p>\n<\/blockquote>\n\n\n\n<p>Esta \u201cvictoria\u201d es para la agrupaci\u00f3n <em><strong>\u201cun recordatorio de que la resistencia colectiva, el compromiso con nuestros valores y el trabajo incansable por una educaci\u00f3n accesible y de calidad, seguir\u00e1n siendo nuestra bandera\u201d.<\/strong><\/em><\/p>\n\n\n\n<p>Cabe recordar que d\u00edas atr\u00e1s,<strong> la decisi\u00f3n \u201cconfirmada\u201d por parte de autoridades educativas de mudar en febrero de 2025 el Instituto 130 de Normal al edificio de la Escuela T\u00e9cnica N\u00b02 gener\u00f3 la movilizaci\u00f3n de estudiantes que, mediante una sentada, pidieron que se revea la decisi\u00f3n.<\/strong><\/p>\n\n\n\n<p>Si bien horas antes de la sentada y la actividad de Consejo Acad\u00e9mico <strong>desde Jefatura Distrital indicaron que no habr\u00eda mudanza y que era una decisi\u00f3n tomada, los estudiantes pidieron certezas o actas por escrito para poder tener la tranquilidad. Este martes, en v\u00edsperas de Navidad, confirmaron la decisi\u00f3n.<\/strong><\/p>\n","protected":false},"excerpt":{"rendered":"<p>Los integrantes de la agrupaci\u00f3n Acci\u00f3n Colectiva Estudiantil anunciaron que no habr\u00e1 mudanza del Instituto a la Escuela T\u00e9cnica N\u00b02<\/p>\n","protected":false},"author":2,"featured_media":132985,"comment_status":"closed","ping_status":"closed","sticky":false,"template":"","format":"standard","meta":{"_jetpack_memberships_contains_paid_content":false,"footnotes":""},"categories":[5,1],"tags":[],"class_list":["post-133245","post","type-post","status-publish","format-standard","has-post-thumbnail","hentry","category-informacion-general","category-portada"],"jetpack_featured_media_url":"https:\/\/i0.wp.com\/cdnoticias.com\/wp-content\/uploads\/2024\/12\/protesta-130-1.jpg?fit=1072%2C596&ssl=1","jetpack_sharing_enabled":true,"_links":{"self":[{"href":"https:\/\/cdnoticias.com\/index.php\/wp-json\/wp\/v2\/posts\/133245","targetHints":{"allow":["GET"]}}],"collection":[{"href":"https:\/\/cdnoticias.com\/index.php\/wp-json\/wp\/v2\/posts"}],"about":[{"href":"https:\/\/cdnoticias.com\/index.php\/wp-json\/wp\/v2\/types\/post"}],"author":[{"embeddable":true,"href":"https:\/\/cdnoticias.com\/index.php\/wp-json\/wp\/v2\/users\/2"}],"replies":[{"embeddable":true,"href":"https:\/\/cdnoticias.com\/index.php\/wp-json\/wp\/v2\/comments?post=133245"}],"version-history":[{"count":0,"href":"https:\/\/cdnoticias.com\/index.php\/wp-json\/wp\/v2\/posts\/133245\/revisions"}],"wp:featuredmedia":[{"embeddable":true,"href":"https:\/\/cdnoticias.com\/index.php\/wp-json\/wp\/v2\/media\/132985"}],"wp:attachment":[{"href":"https:\/\/cdnoticias.com\/index.php\/wp-json\/wp\/v2\/media?parent=133245"}],"wp:term":[{"taxonomy":"category","embeddable":true,"href":"https:\/\/cdnoticias.com\/index.php\/wp-json\/wp\/v2\/categories?post=133245"},{"taxonomy":"post_tag","embeddable":true,"href":"https:\/\/cdnoticias.com\/index.php\/wp-json\/wp\/v2\/tags?post=133245"}],"curies":[{"name":"wp","href":"https:\/\/api.w.org\/{rel}","templated":true}]}}