{"id":133243,"date":"2024-12-24T10:58:14","date_gmt":"2024-12-24T13:58:14","guid":{"rendered":"https:\/\/cdnoticias.com\/?p=133243"},"modified":"2024-12-24T16:34:37","modified_gmt":"2024-12-24T19:34:37","slug":"como-estara-el-tiempo-en-nochebuena-y-navidad","status":"publish","type":"post","link":"https:\/\/cdnoticias.com\/index.php\/2024\/12\/24\/como-estara-el-tiempo-en-nochebuena-y-navidad\/","title":{"rendered":"C\u00f3mo estar\u00e1 el tiempo en Nochebuena y Navidad"},"content":{"rendered":"\n<p>Cielo parcialmente nublado y la lluvia que sorprendi\u00f3 durante la ma\u00f1ana de este martes. El pron\u00f3stico para las pr\u00f3ximas horas.<\/p>\n\n\n\n<hr class=\"wp-block-separator has-alpha-channel-opacity\"\/>\n\n\n\n<p>Una de las preguntas recurrentes para estas fechas tienen que ver con el estado del tiempo que dar\u00e1 marco a las celebraciones.<\/p>\n\n\n\n<p><\/p>\n\n\n\n<p><strong>Si bien el Servicio Meteorol\u00f3gico Nacional no lo anticipaba, la ma\u00f1ana del 24 se present\u00f3 con lluvias aisladas y cielo cubierto.<\/strong> Para la tarde se espera cielo parcialmente nublado, una m\u00e1xima que rondar\u00e1 los 24\u00b0C y la ausencia de lluvias. <\/p>\n\n\n\n<p><\/p>\n\n\n\n<p>Por otra parte, el <strong>mi\u00e9rcoles 25 <\/strong>de diciembre tendr\u00e1 cielo parcialmente nublado. La temperatura m\u00ednima se ubicar\u00e1 en 12\u00b0C y la m\u00e1xima en 25\u00b0C.<\/p>\n\n\n\n<p><\/p>\n","protected":false},"excerpt":{"rendered":"<p>Cielo parcialmente nublado y la lluvia que sorprendi\u00f3 durante la ma\u00f1ana de este martes. El pron\u00f3stico para las pr\u00f3ximas horas.<\/p>\n","protected":false},"author":5,"featured_media":122302,"comment_status":"closed","ping_status":"closed","sticky":false,"template":"","format":"standard","meta":{"_jetpack_memberships_contains_paid_content":false,"footnotes":""},"categories":[5,1],"tags":[],"class_list":["post-133243","post","type-post","status-publish","format-standard","has-post-thumbnail","hentry","category-informacion-general","category-portada"],"jetpack_featured_media_url":"https:\/\/i0.wp.com\/cdnoticias.com\/wp-content\/uploads\/2024\/08\/nublado-arroyo-lluvia-parque-01.jpg?fit=1000%2C556&ssl=1","jetpack_sharing_enabled":true,"_links":{"self":[{"href":"https:\/\/cdnoticias.com\/index.php\/wp-json\/wp\/v2\/posts\/133243","targetHints":{"allow":["GET"]}}],"collection":[{"href":"https:\/\/cdnoticias.com\/index.php\/wp-json\/wp\/v2\/posts"}],"about":[{"href":"https:\/\/cdnoticias.com\/index.php\/wp-json\/wp\/v2\/types\/post"}],"author":[{"embeddable":true,"href":"https:\/\/cdnoticias.com\/index.php\/wp-json\/wp\/v2\/users\/5"}],"replies":[{"embeddable":true,"href":"https:\/\/cdnoticias.com\/index.php\/wp-json\/wp\/v2\/comments?post=133243"}],"version-history":[{"count":0,"href":"https:\/\/cdnoticias.com\/index.php\/wp-json\/wp\/v2\/posts\/133243\/revisions"}],"wp:featuredmedia":[{"embeddable":true,"href":"https:\/\/cdnoticias.com\/index.php\/wp-json\/wp\/v2\/media\/122302"}],"wp:attachment":[{"href":"https:\/\/cdnoticias.com\/index.php\/wp-json\/wp\/v2\/media?parent=133243"}],"wp:term":[{"taxonomy":"category","embeddable":true,"href":"https:\/\/cdnoticias.com\/index.php\/wp-json\/wp\/v2\/categories?post=133243"},{"taxonomy":"post_tag","embeddable":true,"href":"https:\/\/cdnoticias.com\/index.php\/wp-json\/wp\/v2\/tags?post=133243"}],"curies":[{"name":"wp","href":"https:\/\/api.w.org\/{rel}","templated":true}]}}