{"id":133227,"date":"2024-12-24T07:21:16","date_gmt":"2024-12-24T10:21:16","guid":{"rendered":"https:\/\/cdnoticias.com\/?p=133227"},"modified":"2024-12-24T10:58:26","modified_gmt":"2024-12-24T13:58:26","slug":"como-funcionara-el-transporte-publico-en-olavarria-durante-las-fiestas","status":"publish","type":"post","link":"https:\/\/cdnoticias.com\/index.php\/2024\/12\/24\/como-funcionara-el-transporte-publico-en-olavarria-durante-las-fiestas\/","title":{"rendered":"\u00bfC\u00f3mo funcionar\u00e1 el transporte p\u00fablico en Olavarr\u00eda durante las fiestas?"},"content":{"rendered":"\n<p>Habr\u00e1 modificaciones en los servicios de transporte p\u00fablico de pasajeros tanto en las l\u00edneas urbana como interurbana.<\/p>\n\n\n\n<hr class=\"wp-block-separator has-alpha-channel-opacity\"\/>\n\n\n\n<p>Con motivo de la celebraci\u00f3n de las fiestas de Navidad y A\u00f1o Nuevo se dispusieron<strong> modificaciones en los servicios de transporte p\u00fablico de pasajeros.<\/strong><\/p>\n\n\n\n<p><\/p>\n\n\n\n<p>En ese sentido, las empresas <strong>Tu Bus y Las Sierras de Olavarr\u00eda<\/strong> <strong>no brindar\u00e1n el servicio ni el 25 de diciembre, ni el 1 de enero.<\/strong><\/p>\n\n\n\n<p><\/p>\n\n\n\n<p>Por otra parte, las l\u00edneas urbana e interurbana tendr\u00e1n una <strong>frecuencia reducida este martes 24  y el 31 de diciembre.<\/strong><\/p>\n\n\n\n<p><\/p>\n\n\n\n<p>En el caso de <strong>Tu Bus, lo har\u00e1 desde las 6:30 hasta las 18 horas.<\/strong> Y <strong>Las Sierras de Olavarr\u00eda<\/strong> tendr\u00e1 el <strong>\u00faltimo servicio con salida de las localidades a las 20:00.<\/strong> La <strong>\u00faltima frecuencia del d\u00eda desde la ciudad ser\u00e1 a las 19:00.<\/strong><\/p>\n","protected":false},"excerpt":{"rendered":"<p>Habr\u00e1 modificaciones en los servicios de transporte p\u00fablico de pasajeros tanto en las l\u00edneas urbana como interurbana. Con motivo de<\/p>\n","protected":false},"author":5,"featured_media":1042,"comment_status":"closed","ping_status":"closed","sticky":false,"template":"","format":"standard","meta":{"_jetpack_memberships_contains_paid_content":false,"footnotes":""},"categories":[5,1],"tags":[],"class_list":["post-133227","post","type-post","status-publish","format-standard","has-post-thumbnail","hentry","category-informacion-general","category-portada"],"jetpack_featured_media_url":"https:\/\/i0.wp.com\/cdnoticias.com\/wp-content\/uploads\/2020\/09\/TuBus-1024x683.jpg?fit=1024%2C683&ssl=1","jetpack_sharing_enabled":true,"_links":{"self":[{"href":"https:\/\/cdnoticias.com\/index.php\/wp-json\/wp\/v2\/posts\/133227","targetHints":{"allow":["GET"]}}],"collection":[{"href":"https:\/\/cdnoticias.com\/index.php\/wp-json\/wp\/v2\/posts"}],"about":[{"href":"https:\/\/cdnoticias.com\/index.php\/wp-json\/wp\/v2\/types\/post"}],"author":[{"embeddable":true,"href":"https:\/\/cdnoticias.com\/index.php\/wp-json\/wp\/v2\/users\/5"}],"replies":[{"embeddable":true,"href":"https:\/\/cdnoticias.com\/index.php\/wp-json\/wp\/v2\/comments?post=133227"}],"version-history":[{"count":0,"href":"https:\/\/cdnoticias.com\/index.php\/wp-json\/wp\/v2\/posts\/133227\/revisions"}],"wp:featuredmedia":[{"embeddable":true,"href":"https:\/\/cdnoticias.com\/index.php\/wp-json\/wp\/v2\/media\/1042"}],"wp:attachment":[{"href":"https:\/\/cdnoticias.com\/index.php\/wp-json\/wp\/v2\/media?parent=133227"}],"wp:term":[{"taxonomy":"category","embeddable":true,"href":"https:\/\/cdnoticias.com\/index.php\/wp-json\/wp\/v2\/categories?post=133227"},{"taxonomy":"post_tag","embeddable":true,"href":"https:\/\/cdnoticias.com\/index.php\/wp-json\/wp\/v2\/tags?post=133227"}],"curies":[{"name":"wp","href":"https:\/\/api.w.org\/{rel}","templated":true}]}}