{"id":133183,"date":"2024-12-24T10:39:08","date_gmt":"2024-12-24T13:39:08","guid":{"rendered":"https:\/\/cdnoticias.com\/?p=133183"},"modified":"2024-12-24T10:39:12","modified_gmt":"2024-12-24T13:39:12","slug":"se-encuentra-abierta-la-inscripcion-para-un-nuevo-atardecer-de-feria","status":"publish","type":"post","link":"https:\/\/cdnoticias.com\/index.php\/2024\/12\/24\/se-encuentra-abierta-la-inscripcion-para-un-nuevo-atardecer-de-feria\/","title":{"rendered":"Se encuentra abierta la inscripci\u00f3n para un nuevo Atardecer de Feria"},"content":{"rendered":"\n<p>La inscripci\u00f3n ser\u00e1 hasta el 3 de enero de manera presencial en la sede de Desarrollo Econ\u00f3mico. La propuesta se desarrollar\u00e1 el 10 de enero.<\/p>\n\n\n\n<hr class=\"wp-block-separator has-alpha-channel-opacity\"\/>\n\n\n\n<p>El Municipio de Olavarr\u00eda, a trav\u00e9s de la Coordinaci\u00f3n de Econom\u00eda Popular de la Secretar\u00eda de Desarrollo Econ\u00f3mico y Productivo y la Subsecretar\u00eda de Cultura y Educaci\u00f3n, invit\u00f3 a toda la comunidad a sumarse a una <strong>nueva edici\u00f3n de \u201cAtardecer de Feria\u201d.<\/strong><\/p>\n\n\n\n<p><\/p>\n\n\n\n<p>La propuesta se desarrollar\u00e1 el<strong> viernes 10 de enero, a partir de las 19 horas y hasta la medianoche en el Centro Cultural Municipal \u201cSan Jos\u00e9\u201d y el Parque Mitre.<\/strong><\/p>\n\n\n\n<p><\/p>\n\n\n\n<blockquote class=\"wp-block-quote is-layout-flow wp-block-quote-is-layout-flow\">\n<p>En ese sentido, a partir de este lunes 23 y hasta el d\u00eda viernes 3 de enero inclusive se realizar\u00e1 la inscripci\u00f3n en forma presencial en la sede de la Secretar\u00eda de Desarrollo Econ\u00f3mico y Productivo, ubicada sobre Moreno 2765, de 7 a 14:30 horas.<\/p>\n<\/blockquote>\n\n\n\n<p><\/p>\n\n\n\n<p>Es importante tener en cuenta los d\u00edas y horarios de atenci\u00f3n por el asueto administrativo, con motivo de las fiestas de Navidad y A\u00f1o Nuevo.<strong> Esta semana se inscribir\u00e1 los d\u00edas lunes 23 hasta las 12 horas, jueves 26 y viernes 27 de diciembre. Se recuerda que los d\u00edas 24 y 25 no habr\u00e1 atenci\u00f3n administrativa.<\/strong><\/p>\n\n\n\n<p><\/p>\n\n\n\n<p>La pr\u00f3xima semana, la inscripci\u00f3n se desarrollar\u00e1 de igual manera, los d\u00edas<strong> lunes 30 de diciembre hasta las 12 horas, jueves 2 y viernes 3 de diciembre, mientras que 31 de diciembre y 1\u00ba de diciembre no se atender\u00e1 en dependencias municipales<\/strong>, debido al asueto para la administraci\u00f3n p\u00fablica.<\/p>\n\n\n\n<p><\/p>\n\n\n\n<p>Los rubros participantes ser\u00e1n: <strong>actividades productivas, prestaciones de servicio, artesanos y emprendedores.<\/strong><\/p>\n\n\n\n<p><\/p>\n\n\n\n<p>Se requiere que los participantes cumplan con ciertos requisitos, dependiendo de su rubro. En el caso de aquellos que se dedican a la elaboraci\u00f3n de alimentos, se solicita la presentaci\u00f3n del Certificado REPUPA, PUPAA, Puesto Fijo y\/o Habilitaci\u00f3n Municipal correspondiente.<\/p>\n\n\n\n<p><\/p>\n\n\n\n<p>Es importante se\u00f1alar que<strong> la inscripci\u00f3n no garantiza autom\u00e1ticamente la participaci\u00f3n en la feria<\/strong>, ya que la misma cuenta con cupos limitados y se tendr\u00e1 prioridad por orden de inscripci\u00f3n. La confirmaci\u00f3n oficial se efectivizar\u00e1 una vez que la persona se encuentre en el grupo de Whatsapp \u201cAtardecer de Feria\u201d.<\/p>\n","protected":false},"excerpt":{"rendered":"<p>La inscripci\u00f3n ser\u00e1 hasta el 3 de enero de manera presencial en la sede de Desarrollo Econ\u00f3mico. La propuesta se<\/p>\n","protected":false},"author":5,"featured_media":108797,"comment_status":"closed","ping_status":"closed","sticky":false,"template":"","format":"standard","meta":{"_jetpack_memberships_contains_paid_content":false,"footnotes":""},"categories":[5,1],"tags":[],"class_list":["post-133183","post","type-post","status-publish","format-standard","has-post-thumbnail","hentry","category-informacion-general","category-portada"],"jetpack_featured_media_url":"https:\/\/i0.wp.com\/cdnoticias.com\/wp-content\/uploads\/2024\/02\/atardecer-de-feria-segunda-edicion-3.jpg?fit=1000%2C556&ssl=1","jetpack_sharing_enabled":true,"_links":{"self":[{"href":"https:\/\/cdnoticias.com\/index.php\/wp-json\/wp\/v2\/posts\/133183","targetHints":{"allow":["GET"]}}],"collection":[{"href":"https:\/\/cdnoticias.com\/index.php\/wp-json\/wp\/v2\/posts"}],"about":[{"href":"https:\/\/cdnoticias.com\/index.php\/wp-json\/wp\/v2\/types\/post"}],"author":[{"embeddable":true,"href":"https:\/\/cdnoticias.com\/index.php\/wp-json\/wp\/v2\/users\/5"}],"replies":[{"embeddable":true,"href":"https:\/\/cdnoticias.com\/index.php\/wp-json\/wp\/v2\/comments?post=133183"}],"version-history":[{"count":0,"href":"https:\/\/cdnoticias.com\/index.php\/wp-json\/wp\/v2\/posts\/133183\/revisions"}],"wp:featuredmedia":[{"embeddable":true,"href":"https:\/\/cdnoticias.com\/index.php\/wp-json\/wp\/v2\/media\/108797"}],"wp:attachment":[{"href":"https:\/\/cdnoticias.com\/index.php\/wp-json\/wp\/v2\/media?parent=133183"}],"wp:term":[{"taxonomy":"category","embeddable":true,"href":"https:\/\/cdnoticias.com\/index.php\/wp-json\/wp\/v2\/categories?post=133183"},{"taxonomy":"post_tag","embeddable":true,"href":"https:\/\/cdnoticias.com\/index.php\/wp-json\/wp\/v2\/tags?post=133183"}],"curies":[{"name":"wp","href":"https:\/\/api.w.org\/{rel}","templated":true}]}}