{"id":133174,"date":"2024-12-23T07:39:30","date_gmt":"2024-12-23T10:39:30","guid":{"rendered":"https:\/\/cdnoticias.com\/?p=133174"},"modified":"2024-12-23T12:32:53","modified_gmt":"2024-12-23T15:32:53","slug":"alerta-amarilla-por-tormentas-para-olavarria-2","status":"publish","type":"post","link":"https:\/\/cdnoticias.com\/index.php\/2024\/12\/23\/alerta-amarilla-por-tormentas-para-olavarria-2\/","title":{"rendered":"Alerta amarilla por tormentas para Olavarr\u00eda"},"content":{"rendered":"\n<p>La advertencia fue emitida por el Servicio Meteorol\u00f3gico Nacional y rige para la tarde de este lunes.<\/p>\n\n\n\n<hr class=\"wp-block-separator has-alpha-channel-opacity\"\/>\n\n\n\n<p>El Servicio Meteorol\u00f3gico Nacional (SMN) emiti\u00f3 una<strong> alerta amarilla por tormentas para este lunes por la tarde<\/strong> en Olavarr\u00eda, Laprida y General La Madrid.<\/p>\n\n\n\n<p><\/p>\n\n\n\n<p>Seg\u00fan indic\u00f3 el organismo nacional,<strong> el \u00e1rea ser\u00e1 afectada por tormentas, algunas localmente fuertes.<\/strong><\/p>\n\n\n\n<p><\/p>\n\n\n\n<figure class=\"wp-block-image size-full\"><img data-recalc-dims=\"1\" loading=\"lazy\" decoding=\"async\" width=\"709\" height=\"312\" src=\"https:\/\/i0.wp.com\/cdnoticias.com\/wp-content\/uploads\/2024\/12\/image-2.png?resize=709%2C312&#038;ssl=1\" alt=\"\" class=\"wp-image-133175\" srcset=\"https:\/\/i0.wp.com\/cdnoticias.com\/wp-content\/uploads\/2024\/12\/image-2.png?w=709&amp;ssl=1 709w, https:\/\/i0.wp.com\/cdnoticias.com\/wp-content\/uploads\/2024\/12\/image-2.png?resize=300%2C132&amp;ssl=1 300w\" sizes=\"auto, (max-width: 709px) 100vw, 709px\" \/><\/figure>\n\n\n\n<p><\/p>\n\n\n\n<p>Las mismas estar\u00e1n acompa\u00f1adas por <strong>abundante ca\u00edda de agua en cortos per\u00edodos, r\u00e1fagas superiores a 60 km\/h, ocasional ca\u00edda de granizo y fuerte actividad el\u00e9ctrica.<\/strong><\/p>\n\n\n\n<p><\/p>\n\n\n\n<p>Se prev\u00e9n <strong>valores de precipitaci\u00f3n acumulada entre 30 y 50 mm,<\/strong> pudiendo ser superados en forma puntual.<\/p>\n\n\n\n<p><\/p>\n\n\n\n<figure class=\"wp-block-embed is-type-wp-embed is-provider-central-de-noticias-olavarr-a wp-block-embed-central-de-noticias-olavarr-a\"><div class=\"wp-block-embed__wrapper\">\n<blockquote class=\"wp-embedded-content\" data-secret=\"YPSOTbz4Qx\"><a href=\"https:\/\/cdnoticias.com\/index.php\/2024\/12\/22\/la-previa-a-la-nochebuena-vendra-con-tormentas-en-olavarria\/\">La previa a la Nochebuena vendr\u00e1 con tormentas en Olavarr\u00eda<\/a><\/blockquote><iframe loading=\"lazy\" class=\"wp-embedded-content\" sandbox=\"allow-scripts\" security=\"restricted\" style=\"position: absolute; visibility: hidden;\" title=\"&#8220;La previa a la Nochebuena vendr\u00e1 con tormentas en Olavarr\u00eda&#8221; &#8212; Central de Noticias | Olavarr\u00eda\" src=\"https:\/\/cdnoticias.com\/index.php\/2024\/12\/22\/la-previa-a-la-nochebuena-vendra-con-tormentas-en-olavarria\/embed\/#?secret=KbaVUA1JmI#?secret=YPSOTbz4Qx\" data-secret=\"YPSOTbz4Qx\" width=\"600\" height=\"338\" frameborder=\"0\" marginwidth=\"0\" marginheight=\"0\" scrolling=\"no\"><\/iframe>\n<\/div><\/figure>\n","protected":false},"excerpt":{"rendered":"<p>La advertencia fue emitida por el Servicio Meteorol\u00f3gico Nacional y rige para la tarde de este lunes. El Servicio Meteorol\u00f3gico<\/p>\n","protected":false},"author":5,"featured_media":131110,"comment_status":"closed","ping_status":"closed","sticky":false,"template":"","format":"standard","meta":{"_jetpack_memberships_contains_paid_content":false,"footnotes":""},"categories":[5,1],"tags":[],"class_list":["post-133174","post","type-post","status-publish","format-standard","has-post-thumbnail","hentry","category-informacion-general","category-portada"],"jetpack_featured_media_url":"https:\/\/i0.wp.com\/cdnoticias.com\/wp-content\/uploads\/2024\/11\/tormenta-olavarria-lluvias.jpg?fit=1000%2C556&ssl=1","jetpack_sharing_enabled":true,"_links":{"self":[{"href":"https:\/\/cdnoticias.com\/index.php\/wp-json\/wp\/v2\/posts\/133174","targetHints":{"allow":["GET"]}}],"collection":[{"href":"https:\/\/cdnoticias.com\/index.php\/wp-json\/wp\/v2\/posts"}],"about":[{"href":"https:\/\/cdnoticias.com\/index.php\/wp-json\/wp\/v2\/types\/post"}],"author":[{"embeddable":true,"href":"https:\/\/cdnoticias.com\/index.php\/wp-json\/wp\/v2\/users\/5"}],"replies":[{"embeddable":true,"href":"https:\/\/cdnoticias.com\/index.php\/wp-json\/wp\/v2\/comments?post=133174"}],"version-history":[{"count":0,"href":"https:\/\/cdnoticias.com\/index.php\/wp-json\/wp\/v2\/posts\/133174\/revisions"}],"wp:featuredmedia":[{"embeddable":true,"href":"https:\/\/cdnoticias.com\/index.php\/wp-json\/wp\/v2\/media\/131110"}],"wp:attachment":[{"href":"https:\/\/cdnoticias.com\/index.php\/wp-json\/wp\/v2\/media?parent=133174"}],"wp:term":[{"taxonomy":"category","embeddable":true,"href":"https:\/\/cdnoticias.com\/index.php\/wp-json\/wp\/v2\/categories?post=133174"},{"taxonomy":"post_tag","embeddable":true,"href":"https:\/\/cdnoticias.com\/index.php\/wp-json\/wp\/v2\/tags?post=133174"}],"curies":[{"name":"wp","href":"https:\/\/api.w.org\/{rel}","templated":true}]}}