{"id":133159,"date":"2024-12-22T18:58:22","date_gmt":"2024-12-22T21:58:22","guid":{"rendered":"https:\/\/cdnoticias.com\/?p=133159"},"modified":"2024-12-23T07:39:46","modified_gmt":"2024-12-23T10:39:46","slug":"la-previa-a-la-nochebuena-vendra-con-tormentas-en-olavarria","status":"publish","type":"post","link":"https:\/\/cdnoticias.com\/index.php\/2024\/12\/22\/la-previa-a-la-nochebuena-vendra-con-tormentas-en-olavarria\/","title":{"rendered":"La previa a la Nochebuena vendr\u00e1 con tormentas en Olavarr\u00eda"},"content":{"rendered":"\n<p>El lunes habr\u00e1 lluvias y fuertes vientos durante gran parte del d\u00eda. Nochebuena y Navidad llegar\u00e1 con clima agradable.<\/p>\n\n\n\n<hr class=\"wp-block-separator aligncenter has-alpha-channel-opacity\"\/>\n\n\n\n<p>Informado por el Servicio Meteorol\u00f3gico Nacional, <strong>la previa a la primera de las fiestas llegar\u00e1 con lluvias durante todo el d\u00eda. De todas maneras, tanto Nochebuena como Navidad tendr\u00e1n clima agradable con m\u00e1ximas que no superar\u00e1n los 26 grados.<\/strong><\/p>\n\n\n\n<p>Pero volviendo al clima de este lunes, <strong>se estima que la nubosidad ir\u00e1 en aumento hasta producirse varias tormentas aisladas durante todo el d\u00eda, desde la ma\u00f1ana hasta la noche.<\/strong><\/p>\n\n\n\n<p>Adem\u00e1s,<strong> los vientos soplar\u00e1n fuerte con r\u00e1fagas que podr\u00edan alcanzar los 60 km\/h en sentido noroeste \u2013 oeste. La m\u00e1xima est\u00e1 estipulada en 28 grados.<\/strong><\/p>\n\n\n\n<p><strong>Nochebuena, que ser\u00e1 este martes, tendr\u00e1 una jornada de cielos nublados con m\u00e1xima de 26 grados y fuertes vientos del sur. <\/strong>Para la medianoche, que tendr\u00e1 la llegada de Pap\u00e1 Noel y la llegada de Navidad, se estima una<strong> temperatura de 17 grados.<\/strong><\/p>\n\n\n\n<p><strong>El mi\u00e9rcoles 25, en tanto, la m\u00e1xima disminuir\u00e1 a 25 grados con vientos que continuar\u00e1n soplando desde el sur. <\/strong>Si bien ser\u00e1n temperaturas agradables, no har\u00e1 un calor excesivo y los vientos podr\u00edan modificar la sensaci\u00f3n t\u00e9rmica.<\/p>\n","protected":false},"excerpt":{"rendered":"<p>El lunes habr\u00e1 lluvias y fuertes vientos durante gran parte del d\u00eda. Nochebuena y Navidad llegar\u00e1 con clima agradable. Informado<\/p>\n","protected":false},"author":2,"featured_media":111871,"comment_status":"closed","ping_status":"closed","sticky":false,"template":"","format":"standard","meta":{"_jetpack_memberships_contains_paid_content":false,"footnotes":""},"categories":[5,1],"tags":[],"class_list":["post-133159","post","type-post","status-publish","format-standard","has-post-thumbnail","hentry","category-informacion-general","category-portada"],"jetpack_featured_media_url":"https:\/\/i0.wp.com\/cdnoticias.com\/wp-content\/uploads\/2024\/03\/lluvias-tormenta.jpg?fit=800%2C445&ssl=1","jetpack_sharing_enabled":true,"_links":{"self":[{"href":"https:\/\/cdnoticias.com\/index.php\/wp-json\/wp\/v2\/posts\/133159","targetHints":{"allow":["GET"]}}],"collection":[{"href":"https:\/\/cdnoticias.com\/index.php\/wp-json\/wp\/v2\/posts"}],"about":[{"href":"https:\/\/cdnoticias.com\/index.php\/wp-json\/wp\/v2\/types\/post"}],"author":[{"embeddable":true,"href":"https:\/\/cdnoticias.com\/index.php\/wp-json\/wp\/v2\/users\/2"}],"replies":[{"embeddable":true,"href":"https:\/\/cdnoticias.com\/index.php\/wp-json\/wp\/v2\/comments?post=133159"}],"version-history":[{"count":0,"href":"https:\/\/cdnoticias.com\/index.php\/wp-json\/wp\/v2\/posts\/133159\/revisions"}],"wp:featuredmedia":[{"embeddable":true,"href":"https:\/\/cdnoticias.com\/index.php\/wp-json\/wp\/v2\/media\/111871"}],"wp:attachment":[{"href":"https:\/\/cdnoticias.com\/index.php\/wp-json\/wp\/v2\/media?parent=133159"}],"wp:term":[{"taxonomy":"category","embeddable":true,"href":"https:\/\/cdnoticias.com\/index.php\/wp-json\/wp\/v2\/categories?post=133159"},{"taxonomy":"post_tag","embeddable":true,"href":"https:\/\/cdnoticias.com\/index.php\/wp-json\/wp\/v2\/tags?post=133159"}],"curies":[{"name":"wp","href":"https:\/\/api.w.org\/{rel}","templated":true}]}}