{"id":133102,"date":"2024-12-21T17:39:20","date_gmt":"2024-12-21T20:39:20","guid":{"rendered":"https:\/\/cdnoticias.com\/?p=133102"},"modified":"2024-12-21T17:39:22","modified_gmt":"2024-12-21T20:39:22","slug":"ruta-226-dos-muertos-en-un-violento-accidente-en-la-zona-de-pehuajo","status":"publish","type":"post","link":"https:\/\/cdnoticias.com\/index.php\/2024\/12\/21\/ruta-226-dos-muertos-en-un-violento-accidente-en-la-zona-de-pehuajo\/","title":{"rendered":"Ruta 226: dos muertos en un violento accidente en la zona de Pehuaj\u00f3"},"content":{"rendered":"\n<p>Un Volkswagen Senda que era llevado de tiro por una camioneta se cruz\u00f3 de carril e impact\u00f3 contra una camioneta. Murieron sus dos ocupantes, oriundos de Pehuaj\u00f3.<\/p>\n\n\n\n<hr class=\"wp-block-separator aligncenter has-alpha-channel-opacity\"\/>\n\n\n\n<p><strong>Un tr\u00e1gico accidente ocurrido en la tarde de ayer en el kil\u00f3metro 479 de la Ruta Nacional 226 \u2013en la zona de Pehuaj\u00f3- dej\u00f3 como saldo la muerte de dos personas, <\/strong>en un siniestro que involucr\u00f3 tres veh\u00edculos.<\/p>\n\n\n\n<p>El hecho ocurri\u00f3, tal como inform\u00f3 el portal <strong>Diario Noticias de Pehuaj\u00f3,<\/strong> cuando un<strong> Volkswagen Senda, que era remolcado por una camioneta Ford, cruz\u00f3 de manera imprevista al carril contrario e impact\u00f3 de frente contra una camioneta Chevrolet S10.<\/strong><\/p>\n\n\n\n<p><strong>En el impacto, el conductor del Volkswagen Senda falleci\u00f3 en el acto, mientras que su acompa\u00f1ante, quien fue trasladado de urgencia al hospital municipal de Pehuaj\u00f3, muri\u00f3 horas m\u00e1s tarde. <\/strong>Las v\u00edctimas fueron identificadas como Dar\u00edo Ezequiel Maggi y Elmer Nicol\u00e1s Bafundo, ambos oriundos de Pehuaj\u00f3.<\/p>\n\n\n\n<p>Por su parte, <strong>los ocupantes de la Chevrolet S10, Mart\u00edn Roberto Gregorio y Merelli Lidia, resultaron con golpes menores y se encuentran fuera de peligro<\/strong>, seg\u00fan confirmaron fuentes policiales y sanitarias.<\/p>\n\n\n\n<p>El siniestro moviliz\u00f3 a diversas fuerzas de emergencia, incluyendo Bomberos Voluntarios, la Polic\u00eda del Departamento Vial Pehuaj\u00f3, efectivos de la Estaci\u00f3n de Polic\u00eda Comunal de Pehuaj\u00f3, personal de Nueva Plata y Polic\u00eda Cient\u00edfica, adem\u00e1s de ambulancias del hospital municipal, quienes trabajaron en el lugar para asistir a las v\u00edctimas y realizar las primeras pericias.<\/p>\n\n\n\n<p><strong>El motivo por el cual el veh\u00edculo remolcado invadi\u00f3 el carril contrario es materia de investigaci\u00f3n judicial. <\/strong>Las autoridades avanzan en la reconstrucci\u00f3n del hecho para determinar las circunstancias que desencadenaron este lamentable suceso, que enluta a la comunidad pehuajense.<\/p>\n\n\n\n<p><\/p>\n","protected":false},"excerpt":{"rendered":"<p>Un Volkswagen Senda que era llevado de tiro por una camioneta se cruz\u00f3 de carril e impact\u00f3 contra una camioneta.<\/p>\n","protected":false},"author":2,"featured_media":133103,"comment_status":"closed","ping_status":"closed","sticky":false,"template":"","format":"standard","meta":{"_jetpack_memberships_contains_paid_content":false,"footnotes":""},"categories":[6,1],"tags":[],"class_list":["post-133102","post","type-post","status-publish","format-standard","has-post-thumbnail","hentry","category-nacionales","category-portada"],"jetpack_featured_media_url":"https:\/\/i0.wp.com\/cdnoticias.com\/wp-content\/uploads\/2024\/12\/accidente-ruta-226-pehuajo.jpg?fit=999%2C565&ssl=1","jetpack_sharing_enabled":true,"_links":{"self":[{"href":"https:\/\/cdnoticias.com\/index.php\/wp-json\/wp\/v2\/posts\/133102","targetHints":{"allow":["GET"]}}],"collection":[{"href":"https:\/\/cdnoticias.com\/index.php\/wp-json\/wp\/v2\/posts"}],"about":[{"href":"https:\/\/cdnoticias.com\/index.php\/wp-json\/wp\/v2\/types\/post"}],"author":[{"embeddable":true,"href":"https:\/\/cdnoticias.com\/index.php\/wp-json\/wp\/v2\/users\/2"}],"replies":[{"embeddable":true,"href":"https:\/\/cdnoticias.com\/index.php\/wp-json\/wp\/v2\/comments?post=133102"}],"version-history":[{"count":0,"href":"https:\/\/cdnoticias.com\/index.php\/wp-json\/wp\/v2\/posts\/133102\/revisions"}],"wp:featuredmedia":[{"embeddable":true,"href":"https:\/\/cdnoticias.com\/index.php\/wp-json\/wp\/v2\/media\/133103"}],"wp:attachment":[{"href":"https:\/\/cdnoticias.com\/index.php\/wp-json\/wp\/v2\/media?parent=133102"}],"wp:term":[{"taxonomy":"category","embeddable":true,"href":"https:\/\/cdnoticias.com\/index.php\/wp-json\/wp\/v2\/categories?post=133102"},{"taxonomy":"post_tag","embeddable":true,"href":"https:\/\/cdnoticias.com\/index.php\/wp-json\/wp\/v2\/tags?post=133102"}],"curies":[{"name":"wp","href":"https:\/\/api.w.org\/{rel}","templated":true}]}}