{"id":133096,"date":"2024-12-21T14:00:36","date_gmt":"2024-12-21T17:00:36","guid":{"rendered":"https:\/\/cdnoticias.com\/?p=133096"},"modified":"2024-12-21T17:56:16","modified_gmt":"2024-12-21T20:56:16","slug":"que-leer-este-finde-escribir-sobre-el-pasado","status":"publish","type":"post","link":"https:\/\/cdnoticias.com\/index.php\/2024\/12\/21\/que-leer-este-finde-escribir-sobre-el-pasado\/","title":{"rendered":"\u00bfQu\u00e9 leer este finde?: escribir sobre el pasado"},"content":{"rendered":"\n<p>El Lector, de Schlink, es una novela que nos enfrenta con las heridas abiertas del pasado. Es tambi\u00e9n una novela sobre el amor y la piedad.<\/p>\n\n\n\n<hr class=\"wp-block-separator has-alpha-channel-opacity\"\/>\n\n\n\n<p>Bernhard Schlink, public\u00f3 \u201cEl lector\u201d en 1995. <strong>La novela fue recibida muy bien en Alemania y traducida a 39 idiomas. <\/strong>Aborda el Holocausto desde la relaci\u00f3n entre un adolescente y una mujer veinte a\u00f1os mayor. Escribe sobre el amor, el horror, las heridas, los silencios. Escribe. Le pone palabras al nazismo, no lo esconde.<\/p>\n\n\n\n<p><\/p>\n\n\n\n<p><em>\u00bfPor qu\u00e9 me pongo tan triste cuando pienso en aquellos d\u00edas? \u00bfSer\u00e1 que a\u00f1oro la felicidad pasada?<\/em><\/p>\n\n\n\n<p><\/p>\n\n\n\n<p><strong>Michael Berg tiene 15 a\u00f1os cuando conoce a Hanna Schmitz, una mujer de 36. <\/strong>La relaci\u00f3n dura varios meses y oscila entre el erotismo, lo prohibido y la lectura en voz alta de Schiller, Goethe, Tolst\u00f3i, Dickens. <strong>De un d\u00eda para otro Hanna desaparece<\/strong> y la vida del joven contin\u00faa sin olvidarla.<\/p>\n\n\n\n<p><\/p>\n\n\n\n<p>A lo largo de la novela, los personajes se desarrollan y <strong>vuelven a encontrarse en dos oportunidades.<\/strong><\/p>\n\n\n\n<p><\/p>\n\n\n\n<p>Michael crece y cuando se encuentra estudiando Derecho,<strong> presencia el juicio contra cinco mujeres acusadas de cr\u00edmenes de guerra nazis <\/strong>y de ser las responsables de la muerte de varias personas en el campo de concentraci\u00f3n del que eran guardianas.<strong> Una de las acusadas es Hanna.<\/strong><\/p>\n\n\n\n<p><\/p>\n\n\n\n<p>Los protagonistas de esta historia se ver\u00e1n obligados a enfrentarse al pasado y hacer algo con ese fantasma.<\/p>\n\n\n\n<p><\/p>\n\n\n\n<p><em>\u201cLos estratos de nuestra vida reposan tan juntos los unos a los otros que en lo actual siempre advertimos la presencia de lo antiguo, y no como algo desechado y acabado, sino presente y v\u00edvido\u201d.<\/em><\/p>\n\n\n\n<p><\/p>\n\n\n\n<p><strong>Sobre el autor<\/strong><\/p>\n\n\n\n<p><\/p>\n\n\n\n<p>Bernhard Schlink (Bielefeld, 1944) es jurista y vive entre Berl\u00edn y Nueva York. Es autor de cuatro galardonadas novelas polic\u00edacas que tuvieron un gran \u00e9xito de p\u00fablico, tres de las cuales han aparecido en esta colecci\u00f3n: La justicia de Selb (en colaboraci\u00f3n con Walter Popp), El enga\u00f1o de Selb y El fin de Selb.<\/p>\n\n\n\n<p><\/p>\n\n\n\n<p><strong>Anagrama lo incorpor\u00f3 al cat\u00e1logo en 1997 con El lector<\/strong>, que dos a\u00f1os antes fue saludada como un gran acontecimiento literario, traducida a 39 idiomas y llevada al cine, y que se convirti\u00f3 en un extraordinario bestseller internacional, un cl\u00e1sico moderno.<\/p>\n\n\n\n<p><\/p>\n\n\n\n<p>Fue galardonada con diversos premios, como el Hans Fallada, el Welt o el Ehrengabe de la Sociedad Heinrich Heine, as\u00ed como el Grinzane Cavour en Italia y el Laure Bataillon en Francia. Los t\u00edtulos posteriores de Schlink, Amores en fuga, El regreso, El fin de semana, Mentiras de verano, Mujer bajando una escalera, Olga y Los colores del adi\u00f3s, han confirmado su extraordinario talento.<\/p>\n","protected":false},"excerpt":{"rendered":"<p>El Lector, de Schlink, es una novela que nos enfrenta con las heridas abiertas del pasado. Es tambi\u00e9n una novela<\/p>\n","protected":false},"author":2,"featured_media":133098,"comment_status":"closed","ping_status":"closed","sticky":false,"template":"","format":"standard","meta":{"_jetpack_memberships_contains_paid_content":false,"footnotes":""},"categories":[9,1],"tags":[],"class_list":["post-133096","post","type-post","status-publish","format-standard","has-post-thumbnail","hentry","category-cultura","category-portada"],"jetpack_featured_media_url":"https:\/\/i0.wp.com\/cdnoticias.com\/wp-content\/uploads\/2024\/12\/ellector.jpg?fit=800%2C445&ssl=1","jetpack_sharing_enabled":true,"_links":{"self":[{"href":"https:\/\/cdnoticias.com\/index.php\/wp-json\/wp\/v2\/posts\/133096","targetHints":{"allow":["GET"]}}],"collection":[{"href":"https:\/\/cdnoticias.com\/index.php\/wp-json\/wp\/v2\/posts"}],"about":[{"href":"https:\/\/cdnoticias.com\/index.php\/wp-json\/wp\/v2\/types\/post"}],"author":[{"embeddable":true,"href":"https:\/\/cdnoticias.com\/index.php\/wp-json\/wp\/v2\/users\/2"}],"replies":[{"embeddable":true,"href":"https:\/\/cdnoticias.com\/index.php\/wp-json\/wp\/v2\/comments?post=133096"}],"version-history":[{"count":0,"href":"https:\/\/cdnoticias.com\/index.php\/wp-json\/wp\/v2\/posts\/133096\/revisions"}],"wp:featuredmedia":[{"embeddable":true,"href":"https:\/\/cdnoticias.com\/index.php\/wp-json\/wp\/v2\/media\/133098"}],"wp:attachment":[{"href":"https:\/\/cdnoticias.com\/index.php\/wp-json\/wp\/v2\/media?parent=133096"}],"wp:term":[{"taxonomy":"category","embeddable":true,"href":"https:\/\/cdnoticias.com\/index.php\/wp-json\/wp\/v2\/categories?post=133096"},{"taxonomy":"post_tag","embeddable":true,"href":"https:\/\/cdnoticias.com\/index.php\/wp-json\/wp\/v2\/tags?post=133096"}],"curies":[{"name":"wp","href":"https:\/\/api.w.org\/{rel}","templated":true}]}}