{"id":133093,"date":"2024-12-21T13:17:13","date_gmt":"2024-12-21T16:17:13","guid":{"rendered":"https:\/\/cdnoticias.com\/?p=133093"},"modified":"2024-12-21T13:17:14","modified_gmt":"2024-12-21T16:17:14","slug":"afiliados-del-ioma-celebraron-el-regreso-de-femeba-es-fruto-de-nuestra-lucha","status":"publish","type":"post","link":"https:\/\/cdnoticias.com\/index.php\/2024\/12\/21\/afiliados-del-ioma-celebraron-el-regreso-de-femeba-es-fruto-de-nuestra-lucha\/","title":{"rendered":"Afiliados del IOMA celebraron el regreso de FEMEBA: &#8220;Es fruto de nuestra lucha&#8221;"},"content":{"rendered":"\n<p>Tras la firma del convenio, celebraron el regreso a la asistencia y lo relacionaron con la puesta del reclamo en las calles. \u201cNecesit\u00e1bamos urgente que eso se estableciera, esperemos que as\u00ed sea en enero tal como anunciaron&#8221;.<\/p>\n\n\n\n<hr class=\"wp-block-separator aligncenter has-alpha-channel-opacity\"\/>\n\n\n\n<p><em>Foto: gentileza Claudia Bilbao \/ Desayuno con Noticias<\/em><\/p>\n\n\n\n<p>Luego de que el <strong>Instituto de Obra M\u00e9dico Asistencial (IOMA) haya firmado un nuevo convenio con la Federaci\u00f3n M\u00e9dica bonaerense (FEMEBA), afiliados autoconvocados de Olavarr\u00eda celebraron la noticia y aseguraron que la realizaci\u00f3n del acuerdo sucedi\u00f3 gracias a su lucha en las calles.<\/strong><\/p>\n\n\n\n<p><em>&#8220;Desde hace dos meses que venimos organizados como afiliados y moviliz\u00e1ndonos, sin nuestra participaci\u00f3n no se hubiera hecho posible. Lo tuvimos que hacer porque los gremios que nos representan estuvieron ausentes, sin salir ni siquiera en un solo momento a reclamar y a poner un pie en la calle para que esto se revirtiera. <strong>Ante esa orfandad salimos nosotros, pusimos el pecho a la acci\u00f3n. No queremos que ahora se vengan a adjudicar un triunfo que no es de ellos&#8221;<\/strong><\/em>, destacaron los afiliados de Olavarr\u00eda.<\/p>\n\n\n\n<p>Es que, la semana pasada el titular del IOMA,<strong> Homero Giles, lleg\u00f3 a un nuevo acuerdo con la FEMEBA, que termina con el rol de intermediario de la Federaci\u00f3n, en un intento de poner fin al conflicto que dej\u00f3 sin atenci\u00f3n ni cobertura m\u00e9dica a 20 municipios del interior, entre los que se encontraba Olavarr\u00eda<\/strong>. La delicada situaci\u00f3n sanitaria, gener\u00f3 que los afiliados se re\u00fanan todos los martes por la tarde en el Paseo Jes\u00fas Mend\u00eda para exigir la normalizaci\u00f3n del sistema de salud.<\/p>\n\n\n\n<blockquote class=\"wp-block-quote is-layout-flow wp-block-quote-is-layout-flow\">\n<p>&#8220;Llevamos ya m\u00e1s de dos meses de lucha donde hicimos reclamos, salimos a la calle, nos reunimos con funcionarios de distinto tipo, siempre con la exigencia y el reclamo fundamental de que nuestra salud es un derecho, de que no pod\u00edamos esperar a que la obra social rehabilitara o nos diera de vuelta la cobertura m\u00e9dica. Necesit\u00e1bamos urgente que eso se estableciera, esperemos que as\u00ed sea en enero tal como anunciaron&#8221;, exigieron los vecinos autoconvocados.<\/p>\n<\/blockquote>\n\n\n\n<p>A diferencia de otros municipios en los que Giles cort\u00f3 el convenio con FEMEBA, en Olavarr\u00eda y otros distritos del centro de la provincia como Azul, Daireaux y Laprida, estaba presente el Consorcio del Centro de Buenos Aires (COCEBA), que es administrado por los cuatro intendentes de esos partidos. Apenas se conoci\u00f3 su presencia, los afiliados de esa regi\u00f3n repudiaron la presencia de la entidad y exigieron que el IOMA termine con la presencia de intermediarios de la salud.<\/p>\n\n\n\n<p><em><strong>&#8220;Rechazamos la intermediaci\u00f3n del COCEBA y vemos que este nuevo convenio apunta tambi\u00e9n a lo que nosotros decimos, que es la soluci\u00f3n a todos los problemas que tuvimos con las intermediaciones econ\u00f3micas: un convenio directo con los m\u00e9dicos. Sentimos que este nuevo convenio va a ser un fruto de nuestra lucha&#8221;<\/strong><\/em>, remarcaron los usuarios olavarrienses del IOMA.<\/p>\n\n\n\n<p>En esta l\u00ednea, l<strong>os afiliados del IOMA se\u00f1alaron que durante estos tres meses entre la despedida del FEMEBA y su regreso, en Olavarr\u00eda se recort\u00f3 la cobertura m\u00e9dica mientras segu\u00edan vigentes los descuentos a la obra social, <\/strong>lo que ocasion\u00f3 que muchos vecinos tuvieran que abonar de sus bolsillos las consultas particulares, esperando, sin \u00e9xito, que la mutual de Giles les reintegre algo de sus pagos.<\/p>\n\n\n\n<p><em><strong>&#8220;Estamos viendo si va a haber alguna compensaci\u00f3n econ\u00f3mica porque son tres meses donde sinceramente fuimos rehenes y espectadores pasivos de negociaciones que se daban a nuestras espaldas con una total falta de transparencia&#8221;,<\/strong><\/em> indicaron los vecinos de Olavarr\u00eda.<\/p>\n\n\n\n<p>En ese sentido, los afiliados del IOMA recordaron que nunca tuvieron la informaci\u00f3n a detalle de lo que dec\u00eda el acuerdo que Giles planeaba concretar con el COCEBA, y que fue frenado gracias a la presi\u00f3n que generaron las marchas, los cacerolazos y las juntas de firmas para que vuelva FEMEBA a Olavarr\u00eda.<\/p>\n\n\n\n<p><em>&#8220;Entendemos que logramos que eso se frenara, pero en el intermedio estuvimos con un mont\u00f3n de complicaciones y siendo espectadores de una negociaci\u00f3n entre FEMEBA y IOMA, de la cual totalmente quedamos afuera y fuimos rehenes. Nos dejaron sin cobertura para negociar y finalmente no nos hacen ni siquiera un reconocimiento en t\u00e9rminos del esfuerzo econ\u00f3mico y mental que signific\u00f3 para nosotros&#8221;<\/em>, cuestionaron desde el grupo de autoconvocados.<\/p>\n\n\n\n<p>Por \u00faltimo,<strong> los afiliados de Olavarr\u00eda les agradecieron a todas las personas que participaron de las formas de protestas, desde la junta de firmas a las marchas, y adelantaron que seguir\u00e1n estando activos hasta que quede completamente en vigencia el acuerdo entre IOMA y FEMEBA<\/strong><\/p>\n\n\n\n<p><em>&#8220;No nos vamos a quedar inm\u00f3viles esperando respuestas que no llegaban. Vamos a salir a buscarlas, incluso si este nuevo convenio no funciona como debe, si hay de vuelta copagos indebidos o otro tipo de falencias, vamos a reclamarlas directamente. Hemos logrado una organizaci\u00f3n, es un piso desde el cual hay que seguir luchando, por nuestro derecho a la salud y por nuestro derecho como trabajadores en todo plano&#8221;<\/em>, cerraron.<\/p>\n","protected":false},"excerpt":{"rendered":"<p>Tras la firma del convenio, celebraron el regreso a la asistencia y lo relacionaron con la puesta del reclamo en<\/p>\n","protected":false},"author":2,"featured_media":133094,"comment_status":"closed","ping_status":"closed","sticky":false,"template":"","format":"standard","meta":{"_jetpack_memberships_contains_paid_content":false,"footnotes":""},"categories":[4,1],"tags":[],"class_list":["post-133093","post","type-post","status-publish","format-standard","has-post-thumbnail","hentry","category-politica","category-portada"],"jetpack_featured_media_url":"https:\/\/i0.wp.com\/cdnoticias.com\/wp-content\/uploads\/2024\/12\/WhatsApp-Image-2024-12-19-at-17.25.00.jpeg?fit=1280%2C960&ssl=1","jetpack_sharing_enabled":true,"_links":{"self":[{"href":"https:\/\/cdnoticias.com\/index.php\/wp-json\/wp\/v2\/posts\/133093","targetHints":{"allow":["GET"]}}],"collection":[{"href":"https:\/\/cdnoticias.com\/index.php\/wp-json\/wp\/v2\/posts"}],"about":[{"href":"https:\/\/cdnoticias.com\/index.php\/wp-json\/wp\/v2\/types\/post"}],"author":[{"embeddable":true,"href":"https:\/\/cdnoticias.com\/index.php\/wp-json\/wp\/v2\/users\/2"}],"replies":[{"embeddable":true,"href":"https:\/\/cdnoticias.com\/index.php\/wp-json\/wp\/v2\/comments?post=133093"}],"version-history":[{"count":0,"href":"https:\/\/cdnoticias.com\/index.php\/wp-json\/wp\/v2\/posts\/133093\/revisions"}],"wp:featuredmedia":[{"embeddable":true,"href":"https:\/\/cdnoticias.com\/index.php\/wp-json\/wp\/v2\/media\/133094"}],"wp:attachment":[{"href":"https:\/\/cdnoticias.com\/index.php\/wp-json\/wp\/v2\/media?parent=133093"}],"wp:term":[{"taxonomy":"category","embeddable":true,"href":"https:\/\/cdnoticias.com\/index.php\/wp-json\/wp\/v2\/categories?post=133093"},{"taxonomy":"post_tag","embeddable":true,"href":"https:\/\/cdnoticias.com\/index.php\/wp-json\/wp\/v2\/tags?post=133093"}],"curies":[{"name":"wp","href":"https:\/\/api.w.org\/{rel}","templated":true}]}}