{"id":133091,"date":"2024-12-21T13:01:10","date_gmt":"2024-12-21T16:01:10","guid":{"rendered":"https:\/\/cdnoticias.com\/?p=133091"},"modified":"2024-12-21T18:29:17","modified_gmt":"2024-12-21T21:29:17","slug":"la-cgt-olavarria-inauguro-su-nueva-sede-tras-la-normalizacion","status":"publish","type":"post","link":"https:\/\/cdnoticias.com\/index.php\/2024\/12\/21\/la-cgt-olavarria-inauguro-su-nueva-sede-tras-la-normalizacion\/","title":{"rendered":"La CGT Olavarr\u00eda inaugur\u00f3 su nueva sede tras la normalizaci\u00f3n"},"content":{"rendered":"\n<p>Ser\u00e1 donde funcionaba el sindicato de Canillitas, en 25 de Mayo 2627. Descubrieron una placa en homenaje a Jorge De Crecchio, el fallecido secretario general del gremio de Camioneros.<\/p>\n\n\n\n<hr class=\"wp-block-separator aligncenter has-alpha-channel-opacity\"\/>\n\n\n\n<p>Este viernes por la tarde,<strong> la CGT Olavarr\u00eda inaugur\u00f3 su nueva sede donde funcionar\u00e1n y realizar\u00e1n actividades. Ser\u00e1 en las instalaciones del Sindicato de Vendedores de Diarios (Canillitas) en 25 de Mayo 2627.<\/strong><\/p>\n\n\n\n<p>En el acto, encabezado por los principales referentes de la Delegaci\u00f3n Regional, <strong>adem\u00e1s tuvo el descubrimiento de una placa que recuerda a Jorge De Crecchio, el fallecido secretario general del Sindicato de Camioneros, que se encuentra<em> \u201cen nuestras memorias y nuestros corazones\u201d.<\/em><\/strong><\/p>\n\n\n\n<figure class=\"wp-block-image size-full\"><img data-recalc-dims=\"1\" loading=\"lazy\" decoding=\"async\" width=\"800\" height=\"445\" src=\"https:\/\/i0.wp.com\/cdnoticias.com\/wp-content\/uploads\/2024\/12\/cgt-sede-05.jpg?resize=800%2C445&#038;ssl=1\" alt=\"\" class=\"wp-image-133085\" srcset=\"https:\/\/i0.wp.com\/cdnoticias.com\/wp-content\/uploads\/2024\/12\/cgt-sede-05.jpg?w=800&amp;ssl=1 800w, https:\/\/i0.wp.com\/cdnoticias.com\/wp-content\/uploads\/2024\/12\/cgt-sede-05.jpg?resize=300%2C167&amp;ssl=1 300w, https:\/\/i0.wp.com\/cdnoticias.com\/wp-content\/uploads\/2024\/12\/cgt-sede-05.jpg?resize=768%2C427&amp;ssl=1 768w\" sizes=\"auto, (max-width: 800px) 100vw, 800px\" \/><\/figure>\n\n\n\n<p>Sobre la sede, explicaron que se trata de<em> \u201cun lugar que nos cost\u00f3 muchos a\u00f1os de lucha, encuentros y desencuentro, idas y vueltas&#8230;pero siempre con la convicci\u00f3n de que la unidad, el di\u00e1logo, el trabajo colectivo y el compromiso es el \u00fanico camino que nos identifica como trabajadores y trabajadoras\u201d.<\/em><\/p>\n\n\n\n<figure class=\"wp-block-image size-full\"><img data-recalc-dims=\"1\" loading=\"lazy\" decoding=\"async\" width=\"800\" height=\"445\" src=\"https:\/\/i0.wp.com\/cdnoticias.com\/wp-content\/uploads\/2024\/12\/cgt-sede-04.jpg?resize=800%2C445&#038;ssl=1\" alt=\"\" class=\"wp-image-133086\" srcset=\"https:\/\/i0.wp.com\/cdnoticias.com\/wp-content\/uploads\/2024\/12\/cgt-sede-04.jpg?w=800&amp;ssl=1 800w, https:\/\/i0.wp.com\/cdnoticias.com\/wp-content\/uploads\/2024\/12\/cgt-sede-04.jpg?resize=300%2C167&amp;ssl=1 300w, https:\/\/i0.wp.com\/cdnoticias.com\/wp-content\/uploads\/2024\/12\/cgt-sede-04.jpg?resize=768%2C427&amp;ssl=1 768w\" sizes=\"auto, (max-width: 800px) 100vw, 800px\" \/><\/figure>\n\n\n\n<p>Agradecieron especialmente a Walter Lorenzo y Rodolfo Pulido, del sindicato de Canillitas, <em>\u201cque fueron fundamentales para que se concrete este sue\u00f1o, brind\u00e1ndonos el lugar f\u00edsico. Ellos fueron los encargados de dar el inicio abriendo esa cinta argentina para entrar a la Sede de CGT\u201d.<\/em><\/p>\n\n\n\n<figure class=\"wp-block-image size-full\"><img data-recalc-dims=\"1\" loading=\"lazy\" decoding=\"async\" width=\"800\" height=\"445\" src=\"https:\/\/i0.wp.com\/cdnoticias.com\/wp-content\/uploads\/2024\/12\/cgt-sede-01.jpg?resize=800%2C445&#038;ssl=1\" alt=\"\" class=\"wp-image-133089\" srcset=\"https:\/\/i0.wp.com\/cdnoticias.com\/wp-content\/uploads\/2024\/12\/cgt-sede-01.jpg?w=800&amp;ssl=1 800w, https:\/\/i0.wp.com\/cdnoticias.com\/wp-content\/uploads\/2024\/12\/cgt-sede-01.jpg?resize=300%2C167&amp;ssl=1 300w, https:\/\/i0.wp.com\/cdnoticias.com\/wp-content\/uploads\/2024\/12\/cgt-sede-01.jpg?resize=768%2C427&amp;ssl=1 768w\" sizes=\"auto, (max-width: 800px) 100vw, 800px\" \/><\/figure>\n\n\n\n<p><strong>Dicha sede estar\u00e1 abierta al p\u00fablico desde el lunes<\/strong>:<em> \u201ctodas y todos los trabajadores de nuestra ciudad tendr\u00e1n las puertas abiertas y un lugar de pertenencia y encuentro para seguir luchando y defendiendo nuestros derechos\u201d.<\/em><\/p>\n\n\n\n<p><em><strong>\u201cEstamos orgullosos y orgullosas de esta Regional que marca un cambio en la historia del Sindicalismo en Olavarr\u00eda, desde su normalizaron, que no hace m\u00e1s de un a\u00f1o, hasta hoy, en un contexto dif\u00edcil para las y los trabajadores\u201d<\/strong><\/em> cerraron.<\/p>\n\n\n\n<figure class=\"wp-block-image size-full\"><img data-recalc-dims=\"1\" loading=\"lazy\" decoding=\"async\" width=\"800\" height=\"445\" src=\"https:\/\/i0.wp.com\/cdnoticias.com\/wp-content\/uploads\/2024\/12\/cgt-sede-03.jpg?resize=800%2C445&#038;ssl=1\" alt=\"\" class=\"wp-image-133087\" srcset=\"https:\/\/i0.wp.com\/cdnoticias.com\/wp-content\/uploads\/2024\/12\/cgt-sede-03.jpg?w=800&amp;ssl=1 800w, https:\/\/i0.wp.com\/cdnoticias.com\/wp-content\/uploads\/2024\/12\/cgt-sede-03.jpg?resize=300%2C167&amp;ssl=1 300w, https:\/\/i0.wp.com\/cdnoticias.com\/wp-content\/uploads\/2024\/12\/cgt-sede-03.jpg?resize=768%2C427&amp;ssl=1 768w\" sizes=\"auto, (max-width: 800px) 100vw, 800px\" \/><\/figure>\n\n\n\n<p><em>Fotograf\u00edas @rafamedinaph<\/em><\/p>\n","protected":false},"excerpt":{"rendered":"<p>Ser\u00e1 donde funcionaba el sindicato de Canillitas, en 25 de Mayo 2627. Descubrieron una placa en homenaje a Jorge De<\/p>\n","protected":false},"author":2,"featured_media":133084,"comment_status":"closed","ping_status":"closed","sticky":false,"template":"","format":"standard","meta":{"_jetpack_memberships_contains_paid_content":false,"footnotes":""},"categories":[4,1],"tags":[],"class_list":["post-133091","post","type-post","status-publish","format-standard","has-post-thumbnail","hentry","category-politica","category-portada"],"jetpack_featured_media_url":"https:\/\/i0.wp.com\/cdnoticias.com\/wp-content\/uploads\/2024\/12\/cgt-sede-00.jpg?fit=800%2C445&ssl=1","jetpack_sharing_enabled":true,"_links":{"self":[{"href":"https:\/\/cdnoticias.com\/index.php\/wp-json\/wp\/v2\/posts\/133091","targetHints":{"allow":["GET"]}}],"collection":[{"href":"https:\/\/cdnoticias.com\/index.php\/wp-json\/wp\/v2\/posts"}],"about":[{"href":"https:\/\/cdnoticias.com\/index.php\/wp-json\/wp\/v2\/types\/post"}],"author":[{"embeddable":true,"href":"https:\/\/cdnoticias.com\/index.php\/wp-json\/wp\/v2\/users\/2"}],"replies":[{"embeddable":true,"href":"https:\/\/cdnoticias.com\/index.php\/wp-json\/wp\/v2\/comments?post=133091"}],"version-history":[{"count":0,"href":"https:\/\/cdnoticias.com\/index.php\/wp-json\/wp\/v2\/posts\/133091\/revisions"}],"wp:featuredmedia":[{"embeddable":true,"href":"https:\/\/cdnoticias.com\/index.php\/wp-json\/wp\/v2\/media\/133084"}],"wp:attachment":[{"href":"https:\/\/cdnoticias.com\/index.php\/wp-json\/wp\/v2\/media?parent=133091"}],"wp:term":[{"taxonomy":"category","embeddable":true,"href":"https:\/\/cdnoticias.com\/index.php\/wp-json\/wp\/v2\/categories?post=133091"},{"taxonomy":"post_tag","embeddable":true,"href":"https:\/\/cdnoticias.com\/index.php\/wp-json\/wp\/v2\/tags?post=133091"}],"curies":[{"name":"wp","href":"https:\/\/api.w.org\/{rel}","templated":true}]}}