{"id":133078,"date":"2024-12-21T09:34:12","date_gmt":"2024-12-21T12:34:12","guid":{"rendered":"https:\/\/cdnoticias.com\/?p=133078"},"modified":"2024-12-21T13:03:59","modified_gmt":"2024-12-21T16:03:59","slug":"un-corte-de-luz-afecta-a-tres-barrios-de-olavarria","status":"publish","type":"post","link":"https:\/\/cdnoticias.com\/index.php\/2024\/12\/21\/un-corte-de-luz-afecta-a-tres-barrios-de-olavarria\/","title":{"rendered":"Un corte de luz afecta a tres barrios de Olavarr\u00eda"},"content":{"rendered":"\n<p>Ocurri\u00f3 durante la ma\u00f1ana de este s\u00e1bado. Personal de Coopelectric trabaja para reponer el servicio.<\/p>\n\n\n\n<hr class=\"wp-block-separator has-alpha-channel-opacity\"\/>\n\n\n\n<p>Durante la ma\u00f1ana de este s\u00e1bado se registr\u00f3 la salida de servicio de una l\u00ednea de media tensi\u00f3n.<\/p>\n\n\n\n<p><\/p>\n\n\n\n<blockquote class=\"wp-block-quote is-layout-flow wp-block-quote-is-layout-flow\">\n<p>Seg\u00fan se inform\u00f3 desde Coopelectric, esta situaci\u00f3n afect\u00f3 a los barrios Independencia, Santa Isabel y Parque Arano.<\/p>\n<\/blockquote>\n\n\n\n<p><\/p>\n\n\n\n<p>El personal de Coopelectric se encuentra realizando las tareas operativas correspondientes para poder normalizar el servicio el\u00e9ctrico.<\/p>\n","protected":false},"excerpt":{"rendered":"<p>Ocurri\u00f3 durante la ma\u00f1ana de este s\u00e1bado. Personal de Coopelectric trabaja para reponer el servicio. Durante la ma\u00f1ana de este<\/p>\n","protected":false},"author":5,"featured_media":100388,"comment_status":"closed","ping_status":"closed","sticky":false,"template":"","format":"standard","meta":{"_jetpack_memberships_contains_paid_content":false,"footnotes":""},"categories":[5,1],"tags":[],"class_list":["post-133078","post","type-post","status-publish","format-standard","has-post-thumbnail","hentry","category-informacion-general","category-portada"],"jetpack_featured_media_url":"https:\/\/i0.wp.com\/cdnoticias.com\/wp-content\/uploads\/2023\/10\/coopelectric-camion1.webp?fit=800%2C445&ssl=1","jetpack_sharing_enabled":true,"_links":{"self":[{"href":"https:\/\/cdnoticias.com\/index.php\/wp-json\/wp\/v2\/posts\/133078","targetHints":{"allow":["GET"]}}],"collection":[{"href":"https:\/\/cdnoticias.com\/index.php\/wp-json\/wp\/v2\/posts"}],"about":[{"href":"https:\/\/cdnoticias.com\/index.php\/wp-json\/wp\/v2\/types\/post"}],"author":[{"embeddable":true,"href":"https:\/\/cdnoticias.com\/index.php\/wp-json\/wp\/v2\/users\/5"}],"replies":[{"embeddable":true,"href":"https:\/\/cdnoticias.com\/index.php\/wp-json\/wp\/v2\/comments?post=133078"}],"version-history":[{"count":0,"href":"https:\/\/cdnoticias.com\/index.php\/wp-json\/wp\/v2\/posts\/133078\/revisions"}],"wp:featuredmedia":[{"embeddable":true,"href":"https:\/\/cdnoticias.com\/index.php\/wp-json\/wp\/v2\/media\/100388"}],"wp:attachment":[{"href":"https:\/\/cdnoticias.com\/index.php\/wp-json\/wp\/v2\/media?parent=133078"}],"wp:term":[{"taxonomy":"category","embeddable":true,"href":"https:\/\/cdnoticias.com\/index.php\/wp-json\/wp\/v2\/categories?post=133078"},{"taxonomy":"post_tag","embeddable":true,"href":"https:\/\/cdnoticias.com\/index.php\/wp-json\/wp\/v2\/tags?post=133078"}],"curies":[{"name":"wp","href":"https:\/\/api.w.org\/{rel}","templated":true}]}}