{"id":133015,"date":"2024-12-20T17:18:48","date_gmt":"2024-12-20T20:18:48","guid":{"rendered":"https:\/\/cdnoticias.com\/?p=133015"},"modified":"2024-12-20T17:18:50","modified_gmt":"2024-12-20T20:18:50","slug":"kress-se-consagro-campeon-de-la-liga-bonaerense-de-freestyle","status":"publish","type":"post","link":"https:\/\/cdnoticias.com\/index.php\/2024\/12\/20\/kress-se-consagro-campeon-de-la-liga-bonaerense-de-freestyle\/","title":{"rendered":"Kress se consagr\u00f3 campe\u00f3n de la liga bonaerense de freestyle"},"content":{"rendered":"\n<p>Fue en una final en La Plata ante Kold, otro olavarriense. \u201cDejamos en claro el gran nivel que hay en nuestra ciudad\u201d, se\u00f1al\u00f3 Kress.<\/p>\n\n\n\n<hr class=\"wp-block-separator has-alpha-channel-opacity\"\/>\n\n\n\n<p>El competidor y m\u00e1ximo referente del freestyle de nuestra ciudad sali\u00f3 <strong>campe\u00f3n de la liga bonaerense de freestyle<\/strong>, una competencia profesional que re\u00fane exponentes de toda la provincia de Buenos Aires a lo largo de regionales para culminar en una fecha final cargada de epicidad y emocion, acompa\u00f1ada por un show de T&amp;K y de stuart (actual campe\u00f3n nacional de Red Bull batalla, competidor y campeon de Fms Argentina) como jurado y dando una batalla de exhibici\u00f3n contra nuestro campe\u00f3n el domingo 15 de diciembre en la ciudad de La Plata.<\/p>\n\n\n\n<p><\/p>\n\n\n\n<p>La emoci\u00f3n para nuestra ciudad no solo queda ah\u00ed, sino que <strong>adem\u00e1s la final fue contra Kold otro competidor de freestyle olavarriense.<\/strong> Solo dos competidores de nuestra ciudad hab\u00edan logrado clasificar a la instancia final de 24 competidores de toda la provincia y se encontraron en la final de la misma disput\u00e1ndose el puesto de campe\u00f3n de la provincia de Buenos Aires.<\/p>\n\n\n\n<p><\/p>\n\n\n\n<figure class=\"wp-block-image size-full\"><img data-recalc-dims=\"1\" loading=\"lazy\" decoding=\"async\" width=\"800\" height=\"445\" src=\"https:\/\/i0.wp.com\/cdnoticias.com\/wp-content\/uploads\/2024\/12\/kress02.jpg?resize=800%2C445&#038;ssl=1\" alt=\"\" class=\"wp-image-133017\" srcset=\"https:\/\/i0.wp.com\/cdnoticias.com\/wp-content\/uploads\/2024\/12\/kress02.jpg?w=800&amp;ssl=1 800w, https:\/\/i0.wp.com\/cdnoticias.com\/wp-content\/uploads\/2024\/12\/kress02.jpg?resize=300%2C167&amp;ssl=1 300w, https:\/\/i0.wp.com\/cdnoticias.com\/wp-content\/uploads\/2024\/12\/kress02.jpg?resize=768%2C427&amp;ssl=1 768w\" sizes=\"auto, (max-width: 800px) 100vw, 800px\" \/><\/figure>\n\n\n\n<p><\/p>\n\n\n\n<p><strong>Kress (24 a\u00f1os) y Kold (20 a\u00f1os) no paran de ganar batallas y de destacar<\/strong> haci\u00e9ndose un lugar entre los mejores competidores del pa\u00eds. Ambos siguen creciendo en el mundo RAP con ganas de llegar a instancias internacionales y entrenando demasiado para lograrlo.<\/p>\n\n\n\n<p><\/p>\n\n\n\n<p>&#8220;<strong>Ganar la liga provincial me llen\u00f3 de emoci\u00f3n<\/strong>, no esperaba que suceda porque ven\u00eda de otro evento, hab\u00eda dormido arriba del colectivo que me llevo desde Baradero a La Plata y llegu\u00e9 directamente a competir despu\u00e9s de haber vivido el d\u00eda anterior una de las nacionales m\u00e1s exigentes del a\u00f1o y llegar hasta seminifinales, pens\u00e9 que iba a estar cansado y no iba a rendir, pero al contrario, me encontr\u00e9 s\u00faper c\u00f3modo y con una muy buena versi\u00f3n de mi freestyle\u201d, se\u00f1al\u00f3 Krees.<\/p>\n\n\n\n<p><\/p>\n\n\n\n<figure class=\"wp-block-image size-full\"><img data-recalc-dims=\"1\" loading=\"lazy\" decoding=\"async\" width=\"800\" height=\"445\" src=\"https:\/\/i0.wp.com\/cdnoticias.com\/wp-content\/uploads\/2024\/12\/kress03.jpg?resize=800%2C445&#038;ssl=1\" alt=\"\" class=\"wp-image-133018\" srcset=\"https:\/\/i0.wp.com\/cdnoticias.com\/wp-content\/uploads\/2024\/12\/kress03.jpg?w=800&amp;ssl=1 800w, https:\/\/i0.wp.com\/cdnoticias.com\/wp-content\/uploads\/2024\/12\/kress03.jpg?resize=300%2C167&amp;ssl=1 300w, https:\/\/i0.wp.com\/cdnoticias.com\/wp-content\/uploads\/2024\/12\/kress03.jpg?resize=768%2C427&amp;ssl=1 768w\" sizes=\"auto, (max-width: 800px) 100vw, 800px\" \/><\/figure>\n\n\n\n<p><\/p>\n\n\n\n<p>\u201cM\u00e1s all\u00e1 de lo que conllev\u00f3 viajar de un evento a otro y poder ganar el domingo, me puso extremadamente feliz que la final sea con Joaqu\u00edn (Kold). Nos conocemos hace varios a\u00f1os, rapeamos juntos hace varios a\u00f1os, ya cuando los dos est\u00e1bamos en semifinales nos dijimos, \u00bfy si se da? aunque parec\u00eda dif\u00edcil, pero se termin\u00f3 dando, <strong>logramos que la gente que estaba en el publico coree Olavarr\u00eda y sobre todo dejamos en claro el gran nivel que hay en nuestra ciudad, el cual, con el apoyo correcto puede llegar alt\u00edsimo<\/strong>\u201d, agreg\u00f3.<\/p>\n\n\n\n<p><\/p>\n\n\n\n<p>Al llegar los dos a la instancia final, ganaron un premio monetario adem\u00e1s de otros elementos brindados por la competencia y el instituto cultural de la provincia de Buenos Aires.<\/p>\n","protected":false},"excerpt":{"rendered":"<p>Fue en una final en La Plata ante Kold, otro olavarriense. \u201cDejamos en claro el gran nivel que hay en<\/p>\n","protected":false},"author":5,"featured_media":133016,"comment_status":"closed","ping_status":"closed","sticky":false,"template":"","format":"standard","meta":{"_jetpack_memberships_contains_paid_content":false,"footnotes":""},"categories":[9,1],"tags":[],"class_list":["post-133015","post","type-post","status-publish","format-standard","has-post-thumbnail","hentry","category-cultura","category-portada"],"jetpack_featured_media_url":"https:\/\/i0.wp.com\/cdnoticias.com\/wp-content\/uploads\/2024\/12\/kress01.jpg?fit=800%2C445&ssl=1","jetpack_sharing_enabled":true,"_links":{"self":[{"href":"https:\/\/cdnoticias.com\/index.php\/wp-json\/wp\/v2\/posts\/133015","targetHints":{"allow":["GET"]}}],"collection":[{"href":"https:\/\/cdnoticias.com\/index.php\/wp-json\/wp\/v2\/posts"}],"about":[{"href":"https:\/\/cdnoticias.com\/index.php\/wp-json\/wp\/v2\/types\/post"}],"author":[{"embeddable":true,"href":"https:\/\/cdnoticias.com\/index.php\/wp-json\/wp\/v2\/users\/5"}],"replies":[{"embeddable":true,"href":"https:\/\/cdnoticias.com\/index.php\/wp-json\/wp\/v2\/comments?post=133015"}],"version-history":[{"count":0,"href":"https:\/\/cdnoticias.com\/index.php\/wp-json\/wp\/v2\/posts\/133015\/revisions"}],"wp:featuredmedia":[{"embeddable":true,"href":"https:\/\/cdnoticias.com\/index.php\/wp-json\/wp\/v2\/media\/133016"}],"wp:attachment":[{"href":"https:\/\/cdnoticias.com\/index.php\/wp-json\/wp\/v2\/media?parent=133015"}],"wp:term":[{"taxonomy":"category","embeddable":true,"href":"https:\/\/cdnoticias.com\/index.php\/wp-json\/wp\/v2\/categories?post=133015"},{"taxonomy":"post_tag","embeddable":true,"href":"https:\/\/cdnoticias.com\/index.php\/wp-json\/wp\/v2\/tags?post=133015"}],"curies":[{"name":"wp","href":"https:\/\/api.w.org\/{rel}","templated":true}]}}