{"id":133013,"date":"2024-12-20T10:09:26","date_gmt":"2024-12-20T13:09:26","guid":{"rendered":"https:\/\/cdnoticias.com\/?p=133013"},"modified":"2024-12-20T10:09:27","modified_gmt":"2024-12-20T13:09:27","slug":"gustavo-javier-diaz-q-e-p-d","status":"publish","type":"post","link":"https:\/\/cdnoticias.com\/index.php\/2024\/12\/20\/gustavo-javier-diaz-q-e-p-d\/","title":{"rendered":"Gustavo Javier D\u00edaz (Q.E.P.D.)"},"content":{"rendered":"\n<p>Falleci\u00f3 en Olavarr\u00eda el 20 de diciembre de 2024 a los 65 a\u00f1os de edad. Su madre Edith Pagella. Sus hijos Luciano y Juan Cruz. Sus hijas pol\u00edticas Ruth y Marina. Sus nietos Victoria, Ignacio, Gianluca y Helena. Su hermano Walter. La madre de sus hijos Stella y dem\u00e1s deudos participan su fallecimiento.<\/p>\n\n\n\n<p><\/p>\n\n\n\n<p>Sus restos ser\u00e1n velados en Espa\u00f1a 2942, Departamento \u201cB\u201d, el velatorio comienza a las 17 horas, cierra a las 22 horas y reabre el s\u00e1bado a las 8:00 horas. Ser\u00e1n inhumados en el Cementerio Loma de Paz este s\u00e1bado a las 10:30, previo responso en la capilla ardiente. Vecino de barrio Provincias Unidas. Nacido en Olavarr\u00eda. Jubilado.<\/p>\n","protected":false},"excerpt":{"rendered":"<p>Falleci\u00f3 en Olavarr\u00eda el 20 de diciembre de 2024 a los 65 a\u00f1os de edad. Su madre Edith Pagella. Sus<\/p>\n","protected":false},"author":5,"featured_media":0,"comment_status":"closed","ping_status":"closed","sticky":false,"template":"","format":"standard","meta":{"_jetpack_memberships_contains_paid_content":false,"footnotes":""},"categories":[10],"tags":[],"class_list":["post-133013","post","type-post","status-publish","format-standard","hentry","category-necrologicas"],"jetpack_featured_media_url":"","jetpack_sharing_enabled":true,"_links":{"self":[{"href":"https:\/\/cdnoticias.com\/index.php\/wp-json\/wp\/v2\/posts\/133013","targetHints":{"allow":["GET"]}}],"collection":[{"href":"https:\/\/cdnoticias.com\/index.php\/wp-json\/wp\/v2\/posts"}],"about":[{"href":"https:\/\/cdnoticias.com\/index.php\/wp-json\/wp\/v2\/types\/post"}],"author":[{"embeddable":true,"href":"https:\/\/cdnoticias.com\/index.php\/wp-json\/wp\/v2\/users\/5"}],"replies":[{"embeddable":true,"href":"https:\/\/cdnoticias.com\/index.php\/wp-json\/wp\/v2\/comments?post=133013"}],"version-history":[{"count":0,"href":"https:\/\/cdnoticias.com\/index.php\/wp-json\/wp\/v2\/posts\/133013\/revisions"}],"wp:attachment":[{"href":"https:\/\/cdnoticias.com\/index.php\/wp-json\/wp\/v2\/media?parent=133013"}],"wp:term":[{"taxonomy":"category","embeddable":true,"href":"https:\/\/cdnoticias.com\/index.php\/wp-json\/wp\/v2\/categories?post=133013"},{"taxonomy":"post_tag","embeddable":true,"href":"https:\/\/cdnoticias.com\/index.php\/wp-json\/wp\/v2\/tags?post=133013"}],"curies":[{"name":"wp","href":"https:\/\/api.w.org\/{rel}","templated":true}]}}