{"id":133003,"date":"2024-12-20T13:26:05","date_gmt":"2024-12-20T16:26:05","guid":{"rendered":"https:\/\/cdnoticias.com\/?p=133003"},"modified":"2024-12-20T13:26:07","modified_gmt":"2024-12-20T16:26:07","slug":"exigen-la-urgente-reactivacion-de-la-fabrica-fanazul","status":"publish","type":"post","link":"https:\/\/cdnoticias.com\/index.php\/2024\/12\/20\/exigen-la-urgente-reactivacion-de-la-fabrica-fanazul\/","title":{"rendered":"Exigen la \u201curgente reactivaci\u00f3n\u201d de la f\u00e1brica Fanazul"},"content":{"rendered":"<p>El reclamo se formaliz\u00f3 el mi\u00e9rcoles \u00faltimo a trav\u00e9s de una carta que, desde la seccional Azul de ATE, present\u00f3 al nuevo director de Fabricaciones Militares, Juan Manuel Vaquer. La planta est\u00e1 paralizada desde mayo y denuncian \u201cvaciamiento\u201d.<!--more--><\/p>\n<hr \/>\n<p>El <strong>gremio que nuclea a los trabajadores de Fanazul<\/strong>, durante una <strong>audiencia<\/strong> realizada el mi\u00e9rcoles en la <strong>sede central de Fabricaciones Militares<\/strong>, le exigi\u00f3 al nuevo director del organismo la <strong>&#8220;urgente reactivaci\u00f3n&#8221; de la f\u00e1brica azule\u00f1a<\/strong>, al tiempo que se expusieron los correspondientes fundamentos.<\/p>\n<p>En efecto, desde la seccional local de la <strong>Asociaci\u00f3n de Trabajadores del Estado (ATE)<\/strong> que, entre otros, agremia a los empleados de la planta Fanazul, se entreg\u00f3 una nota al <strong>presidente de Fabricaciones del Estado, Juan Manuel Vaquer<\/strong>. El documento lleva la firma de Eduardo Bercovich, secretario general ATE Azul.<\/p>\n<p>En dicha nota se le indica a Vaquer que &#8220;nos dirigimos a usted a fin de informar y solicitar la <strong>r\u00e1pida reactivaci\u00f3n de la unidad productiva (Fanazul), que desde el mes de mayo<\/strong> del corriente a\u00f1o, <a href=\"https:\/\/cdnoticias.com\/index.php\/2024\/05\/15\/se-ordeno-detener-la-produccion-en-fanazul\/\" target=\"_blank\" rel=\"noopener\">por decisi\u00f3n unilateral de la gesti\u00f3n anterior, a cargo en ese momento de Hugo Pascarelli<\/a> [ex director de Fabricaciones Militares] se realiz\u00f3 <strong>una parada t\u00e9cnica<\/strong>, la cual ha sido informada mediante un correo electr\u00f3nico dirigido a la autoridad de nuestra f\u00e1brica, Daniel Duca&#8221;.<\/p>\n<blockquote><p>&#8220;Esto -se a\u00f1ade-, teniendo en cuenta el impacto no s\u00f3lo econ\u00f3mico en la regi\u00f3n, sino tambi\u00e9n productivo y, por ende, laboral, siendo que Fanazul posee un historial dentro de Fabricaciones Militares con m\u00e1s de ochenta a\u00f1os en la misma&#8221;.<\/p><\/blockquote>\n<p>A Vaquer, por otro lado, se le inform\u00f3 que desde &#8220;la conducci\u00f3n de esta seccional, en conjunto con los trabajadores, le entregaremos -adjunto a esta nota- todos los <strong>proyectos potenciales y las capacidades instaladas<\/strong> en nuestra planta de explosivos, detallando en la misma todo el potencial desperdiciado y la alta inversi\u00f3n realizada, que fue de m\u00e1s de 6 millones de d\u00f3lares, para poner en valor la planta de Nitroglicerina y Mastermix, que hasta el momento del cese de producci\u00f3n ten\u00eda una capacidad productiva de 400 kilogramos por hora y de 21,6 toneladas por mes en condiciones actuales (2024). La carga de proyectiles estimada era de cuarenta unidades por turno y realizando una peque\u00f1a inversi\u00f3n se podr\u00eda montar nuevamente los equipos destruidos en el a\u00f1o 2017 y tener una capacidad de carga de cien unidades por turno&#8221;.<\/p>\n<p><img data-recalc-dims=\"1\" loading=\"lazy\" decoding=\"async\" class=\"size-full wp-image-124071 aligncenter\" src=\"https:\/\/i0.wp.com\/cdnoticias.com\/wp-content\/uploads\/2024\/08\/Fanazul-00.jpg?resize=696%2C376&#038;ssl=1\" alt=\"\" width=\"696\" height=\"376\" srcset=\"https:\/\/i0.wp.com\/cdnoticias.com\/wp-content\/uploads\/2024\/08\/Fanazul-00.jpg?w=696&amp;ssl=1 696w, https:\/\/i0.wp.com\/cdnoticias.com\/wp-content\/uploads\/2024\/08\/Fanazul-00.jpg?resize=300%2C162&amp;ssl=1 300w\" sizes=\"auto, (max-width: 696px) 100vw, 696px\" \/><\/p>\n<p>Del mismo modo, en la nota a Vaquer se precisa que, &#8220;en el 2024, se realiz\u00f3 la <em>carga de doscientas unidades de proyectiles 105 mil\u00edmetros OTO Melara<\/em>, con personal propio&#8221; y &#8220;tambi\u00e9n se realiz\u00f3 <em>destrucci\u00f3n de explosivos (desmilitarizaciones)<\/em> con personal altamente calificado y capacitado, con la mayor\u00eda de ellos de m\u00e1s de quince a\u00f1os de antig\u00fcedad en la misma&#8221;.<\/p>\n<p>Luego se le inform\u00f3 al actual titular de Fabricaciones Militares, en cuanto a la <em>destrucci\u00f3n de chalecos antibalas<\/em>, que &#8220;se ha puesto en valor una planta de destrucci\u00f3n de chalecos (fase 1) y la recuperaci\u00f3n de tela aramida para otros usos (fase 2), siendo un proyecto con sustento en la necesidad legal que tienen las fuerzas armadas y las fuerzas de seguridad (nacionales y provinciales) de regularizar los chalecos fuera de vigencia, d\u00e1ndoles la disposici\u00f3n final luego de cinco a\u00f1os de uso y la reducci\u00f3n de desperdicios de la tela kevlar&#8221;.<\/p>\n<p>&#8220;Este proyecto -se puntualiza- <strong>plantea la destrucci\u00f3n de 320 chalecos por turno, obteniendo como producto m\u00e1ximo 1.280 kilos de tela aramida cortada o triturada&#8221;.<\/strong><\/p>\n<p>En la misma l\u00ednea, se destac\u00f3 que &#8220;el proyecto adjunto tiene un v\u00ednculo fuerte con la reactivaci\u00f3n de la planta de TNT (trinitrotolueno, explosivo por excelencia para la industria militar y minera), siendo el principal insumo para la carga. Sin la producci\u00f3n de TNT grado [militar] se deber\u00eda importar dicho insumo, el cual tiene restricciones por tratarse de un elemento explosivo y armament\u00edstico. El equipamiento principal para la reactivaci\u00f3n de estos productos est\u00e1 en f\u00e1brica [Fanazul] y puede ser montado por personal propio&#8221;.<\/p>\n<p>Por \u00faltimo, se subray\u00f3 que &#8220;por todo lo antes expuesto, exigimos la <strong>urgente reactivaci\u00f3n de nuestra querida Fanazul, por comprenden un rol central en el entramado de defensa<\/strong>, por nuestra soberan\u00eda, nuestra industria nacional y, sobre todo, en los intereses para nuestro pueblo&#8221;.<\/p>\n<p><img data-recalc-dims=\"1\" loading=\"lazy\" decoding=\"async\" class=\"size-full wp-image-85854 aligncenter\" src=\"https:\/\/i0.wp.com\/cdnoticias.com\/wp-content\/uploads\/2023\/05\/fanazul.jpeg?resize=719%2C393&#038;ssl=1\" alt=\"\" width=\"719\" height=\"393\" srcset=\"https:\/\/i0.wp.com\/cdnoticias.com\/wp-content\/uploads\/2023\/05\/fanazul.jpeg?w=719&amp;ssl=1 719w, https:\/\/i0.wp.com\/cdnoticias.com\/wp-content\/uploads\/2023\/05\/fanazul.jpeg?resize=300%2C164&amp;ssl=1 300w\" sizes=\"auto, (max-width: 719px) 100vw, 719px\" \/><\/p>\n<p>ATE Azul realizar\u00e1 <strong>este viernes, en la planta Fanazul, una asamblea con los trabajadores<\/strong>, oportunidad en la que se brindar\u00e1n <strong>detalles del resultado de la audiencia<\/strong> que el gremio mantuvo el mi\u00e9rcoles \u00faltimo con las nuevas autoridades de Fabricaciones Militares.<\/p>\n<h3>Vaciamiento<\/h3>\n<p>Desde el nivel nacional de ATE se denunci\u00f3 que<strong> &#8220;el Gobierno envi\u00f3 camiones para vaciar Fabricaciones Militares&#8221;<\/strong>. Al respecto, se afirm\u00f3 que &#8220;el Gobierno [nacional] envi\u00f3 flotas de camiones a las distintas sedes de Fabricaciones Militares y <em>en el caso de R\u00edo Tercero ya retir\u00f3 herramientas y recursos<\/em> como parte del <strong>intento de vaciamiento de la empresa&#8221;<\/strong>.<\/p>\n<blockquote><p>&#8220;Desde ATE hemos podido comprobar que uniformados en camiones est\u00e1n saqueando algunas de las f\u00e1bricas militares. Se est\u00e1n llevando todo, maquinarias, herramientas y en algunos casos hasta parte de la producci\u00f3n. El Gobierno profundiza el vaciamiento de las empresas estatales&#8221;, se\u00f1al\u00f3 Rodolfo Aguiar, secretario general de ATE Nacional.<\/p><\/blockquote>\n<p><img data-recalc-dims=\"1\" loading=\"lazy\" decoding=\"async\" class=\"size-full wp-image-116360 aligncenter\" src=\"https:\/\/i0.wp.com\/cdnoticias.com\/wp-content\/uploads\/2024\/05\/Fanazul-1-diario-el-tiempo.jpeg?resize=800%2C450&#038;ssl=1\" alt=\"\" width=\"800\" height=\"450\" srcset=\"https:\/\/i0.wp.com\/cdnoticias.com\/wp-content\/uploads\/2024\/05\/Fanazul-1-diario-el-tiempo.jpeg?w=948&amp;ssl=1 948w, https:\/\/i0.wp.com\/cdnoticias.com\/wp-content\/uploads\/2024\/05\/Fanazul-1-diario-el-tiempo.jpeg?resize=300%2C169&amp;ssl=1 300w, https:\/\/i0.wp.com\/cdnoticias.com\/wp-content\/uploads\/2024\/05\/Fanazul-1-diario-el-tiempo.jpeg?resize=768%2C432&amp;ssl=1 768w\" sizes=\"auto, (max-width: 800px) 100vw, 800px\" \/><\/p>\n<p>Adem\u00e1s, subray\u00f3 que &#8220;recientemente la convirtieron en una Sociedad An\u00f3nima Unipersonal. A esta altura est\u00e1 m\u00e1s que claro que <strong>se la quieren regalar a alg\u00fan empresario amigo de Milei o de Trump<\/strong>. Las pol\u00edticas del Gobierno nacional hicieron que en casi un a\u00f1o cerraran m\u00e1s de 16.500 pymes y ahora van por la <strong>destrucci\u00f3n de la producci\u00f3n estatal<\/strong>&#8220;, agreg\u00f3 el dirigente estatal.<\/p>\n<p>En este marco, Aguiar apunt\u00f3: &#8220;Adem\u00e1s, <strong>son muchos los puestos de empleo que est\u00e1n en riesgo en todas las f\u00e1bricas<\/strong>. Tenemos que definir profundizar las protestas y cambiar las metodolog\u00edas. Hay que avanzar r\u00e1pidamente en los bloqueos y cortes de rutas que impidan que el Gobierno cumpla con su finalidad&#8221;.<\/p>\n<blockquote><p>En un comunicado interno al que accedi\u00f3 el gremio estatal, se destac\u00f3 que &#8220;durante esta gesti\u00f3n Fabricaciones Militares redujo sus gastos un 38% hasta agosto, con respecto a igual mes del a\u00f1o anterior; los costos productivos bajaron en un 19% y los costos no productivos en un 60%. Todo esto a ra\u00edz de una notable baja en la producci\u00f3n que dejan en la cuerda floja a la empresa&#8221;.<\/p><\/blockquote>\n<p>Fuente y foto de tapa:<em> Diario El Tiempo<\/em><\/p>\n","protected":false},"excerpt":{"rendered":"<p>El reclamo se formaliz\u00f3 el mi\u00e9rcoles \u00faltimo a trav\u00e9s de una carta que, desde la seccional Azul de ATE, present\u00f3<\/p>\n","protected":false},"author":4,"featured_media":133004,"comment_status":"closed","ping_status":"closed","sticky":false,"template":"","format":"standard","meta":{"_jetpack_memberships_contains_paid_content":false,"footnotes":""},"categories":[5,1],"tags":[],"class_list":["post-133003","post","type-post","status-publish","format-standard","has-post-thumbnail","hentry","category-informacion-general","category-portada"],"jetpack_featured_media_url":"https:\/\/i0.wp.com\/cdnoticias.com\/wp-content\/uploads\/2024\/12\/Fanazul-01-diario-el-tiempo.jpeg?fit=948%2C533&ssl=1","jetpack_sharing_enabled":true,"_links":{"self":[{"href":"https:\/\/cdnoticias.com\/index.php\/wp-json\/wp\/v2\/posts\/133003","targetHints":{"allow":["GET"]}}],"collection":[{"href":"https:\/\/cdnoticias.com\/index.php\/wp-json\/wp\/v2\/posts"}],"about":[{"href":"https:\/\/cdnoticias.com\/index.php\/wp-json\/wp\/v2\/types\/post"}],"author":[{"embeddable":true,"href":"https:\/\/cdnoticias.com\/index.php\/wp-json\/wp\/v2\/users\/4"}],"replies":[{"embeddable":true,"href":"https:\/\/cdnoticias.com\/index.php\/wp-json\/wp\/v2\/comments?post=133003"}],"version-history":[{"count":0,"href":"https:\/\/cdnoticias.com\/index.php\/wp-json\/wp\/v2\/posts\/133003\/revisions"}],"wp:featuredmedia":[{"embeddable":true,"href":"https:\/\/cdnoticias.com\/index.php\/wp-json\/wp\/v2\/media\/133004"}],"wp:attachment":[{"href":"https:\/\/cdnoticias.com\/index.php\/wp-json\/wp\/v2\/media?parent=133003"}],"wp:term":[{"taxonomy":"category","embeddable":true,"href":"https:\/\/cdnoticias.com\/index.php\/wp-json\/wp\/v2\/categories?post=133003"},{"taxonomy":"post_tag","embeddable":true,"href":"https:\/\/cdnoticias.com\/index.php\/wp-json\/wp\/v2\/tags?post=133003"}],"curies":[{"name":"wp","href":"https:\/\/api.w.org\/{rel}","templated":true}]}}