{"id":132966,"date":"2024-12-19T18:44:40","date_gmt":"2024-12-19T21:44:40","guid":{"rendered":"https:\/\/cdnoticias.com\/?p=132966"},"modified":"2024-12-19T18:44:42","modified_gmt":"2024-12-19T21:44:42","slug":"asumieron-las-nuevas-autoridades-del-colegio-de-ingenieros-de-la-provincia-de-buenos-aires-distrito-iii","status":"publish","type":"post","link":"https:\/\/cdnoticias.com\/index.php\/2024\/12\/19\/asumieron-las-nuevas-autoridades-del-colegio-de-ingenieros-de-la-provincia-de-buenos-aires-distrito-iii\/","title":{"rendered":"Asumieron las nuevas autoridades del Colegio de Ingenieros de la Provincia de Buenos Aires \u2013 Distrito III"},"content":{"rendered":"\n<p>Fue este viernes en la sede de nuestra ciudad. Particip\u00f3 el presidente del Colegio de Ingenieros a nivel bonaerense, Jorge Castellanos. El nuevo titular local es Hern\u00e1n Ariel Alonso.<\/p>\n\n\n\n<hr class=\"wp-block-separator aligncenter has-alpha-channel-opacity\"\/>\n\n\n\n<p>Este viernes<strong> se llev\u00f3 a cabo en Olavarr\u00eda el acto de asunci\u00f3n de las nuevas autoridades del Colegio de Ingenieros de la Provincia de Buenos Aires \u2013 Distrito III, marcando el inicio de la gesti\u00f3n 2024-2027<\/strong>. La ceremonia se realiz\u00f3 en la sede distrital y cont\u00f3 con la presencia de autoridades provinciales, municipales, acad\u00e9micas y referentes institucionales, en un encuentro que destac\u00f3 el compromiso y la unidad de la ingenier\u00eda.<\/p>\n\n\n\n<p>El evento fue presidido por el <strong>presidente del Colegio de Ingenieros de la Provincia de Buenos Aires, Ing. Jorge Castellanos, acompa\u00f1ado por el vicepresidente Ing. Ricardo Brassesco, el secretario Ing. Jorge Jurado y el tesorero Leandro Campos.<\/strong><\/p>\n\n\n\n<figure class=\"wp-block-image size-full\"><img data-recalc-dims=\"1\" loading=\"lazy\" decoding=\"async\" width=\"800\" height=\"542\" src=\"https:\/\/i0.wp.com\/cdnoticias.com\/wp-content\/uploads\/2024\/12\/colegio-ingenieros-olavarria2.jpeg?resize=800%2C542&#038;ssl=1\" alt=\"\" class=\"wp-image-132972\" srcset=\"https:\/\/i0.wp.com\/cdnoticias.com\/wp-content\/uploads\/2024\/12\/colegio-ingenieros-olavarria2.jpeg?w=908&amp;ssl=1 908w, https:\/\/i0.wp.com\/cdnoticias.com\/wp-content\/uploads\/2024\/12\/colegio-ingenieros-olavarria2.jpeg?resize=300%2C203&amp;ssl=1 300w, https:\/\/i0.wp.com\/cdnoticias.com\/wp-content\/uploads\/2024\/12\/colegio-ingenieros-olavarria2.jpeg?resize=768%2C520&amp;ssl=1 768w\" sizes=\"auto, (max-width: 800px) 100vw, 800px\" \/><\/figure>\n\n\n\n<p>Tambi\u00e9n estuvieron presentes <strong>representantes de los Distritos I, II, IV y V, el intendente de Las Flores, Ing. Alberto Gelen\u00e9, el secretario de Obras P\u00fablicas de Olavarr\u00eda, Ing. Orfel Fari\u00f1a, miembros de la Junta Electoral Distrital, delegados visadores y autoridades de instituciones afines, como la Facultad de Ingenier\u00eda de la UNICEN, el Colegio de T\u00e9cnicos y el Colegio de Arquitectos.<\/strong><\/p>\n\n\n\n<p class=\"has-medium-font-size\">Las Nuevas Autoridades del Distrito III<\/p>\n\n\n\n<p>Durante el acto, <strong>las autoridades provinciales pusieron en funciones a los nuevos miembros del Distrito III<\/strong>, quienes asumir\u00e1n un rol fundamental en la gesti\u00f3n de los pr\u00f3ximos a\u00f1os:<\/p>\n\n\n\n<p class=\"has-medium-font-size\">Mesa Ejecutiva:<\/p>\n\n\n\n<p>\u2022&nbsp;Presidente: Ing. Hern\u00e1n Ariel Alonso<\/p>\n\n\n\n<p>\u2022&nbsp;Secretaria: Ing. Mar\u00eda Haydee Peralta<\/p>\n\n\n\n<p>\u2022&nbsp;Tesorera: Ing. Nancy Patricia Fern\u00e1ndez<\/p>\n\n\n\n<p><strong>Vocales Titulares:<\/strong><\/p>\n\n\n\n<p>\u2022 Ing. H\u00e9ctor Oscar Segovia<\/p>\n\n\n\n<p>\u2022 Ing. Susana Haydee Bairo<\/p>\n\n\n\n<p>\u2022&nbsp;Ing. N\u00e9stor Javier Mina<\/p>\n\n\n\n<p><strong>Vocales Suplentes:<\/strong><\/p>\n\n\n\n<p>\u2022&nbsp;Ing. Mario C\u00e9sar Fossati<\/p>\n\n\n\n<p>\u2022&nbsp;Ing. Leonardo Gaspar Kaht<\/p>\n\n\n\n<p>\u2022&nbsp;Ing. Pablo Nicol\u00e1s Caldiero<\/p>\n\n\n\n<p><strong>La presencia de vocales titulares y suplentes fortalece la estructura del Distrito III,<\/strong> garantizando un equipo de trabajo comprometido y preparado para atender las necesidades de los matriculados, representar sus intereses y promover el crecimiento profesional.<\/p>\n\n\n\n<p class=\"has-medium-font-size\">Discursos de Compromiso y Unidad<\/p>\n\n\n\n<p>En su discurso, el presidente del Distrito III, <strong>Ing. Hern\u00e1n Ariel Alonso, destac\u00f3 la importancia de una gesti\u00f3n cercana y resolutiva:<\/strong><\/p>\n\n\n\n<blockquote class=\"wp-block-quote is-layout-flow wp-block-quote-is-layout-flow\">\n<p>\u201cNuestra prioridad ser\u00e1 estar cerca del matriculado, escuchar sus necesidades y ofrecer respuestas concretas. Cuando un colega necesita de la instituci\u00f3n, nos movilizamos para estar donde sea, porque esa es la misi\u00f3n de este Colegio: ser un apoyo constante para nuestros profesionales\u201d.<\/p>\n<\/blockquote>\n\n\n\n<p>Por su parte, la secretaria Ing. <strong>Mar\u00eda Haydee Peralta enfatiz\u00f3 el rol fundamental de la ingenier\u00eda en el desarrollo regional y nacional:<\/strong><em> \u201cDebemos enaltecer la profesi\u00f3n que hemos elegido, articulando esfuerzos para que la ingenier\u00eda sea un pilar de crecimiento, innovaci\u00f3n y progreso para nuestras comunidades. Trabajaremos unidos para que cada profesional sienta el respaldo de la instituci\u00f3n\u201d.<\/em><\/p>\n\n\n\n<p>La <strong>tesorera Ing. Nancy Patricia Fern\u00e1ndez <\/strong>reafirm\u00f3 su compromiso con la defensa y valorizaci\u00f3n del ejercicio profesional: <em>\u201cAsumimos este desaf\u00edo con un objetivo claro: dignificar y defender la profesi\u00f3n. Respaldar el trabajo de los ingenieros es apostar al futuro, a la innovaci\u00f3n y a las soluciones que nuestra sociedad necesita\u201d <\/em>expres\u00f3.<\/p>\n\n\n\n<p>Asimismo,<strong> los vocales titulares y suplentes, fundamentales en esta etapa, asumieron su compromiso de aportar su experiencia y trabajo para fortalecer la gesti\u00f3n y representar las voces de los matriculados en cada rinc\u00f3n del Distrito III.<\/strong><\/p>\n\n\n\n<p class=\"has-medium-font-size\">Mensajes provinciales y reconocimientos<\/p>\n\n\n\n<figure class=\"wp-block-image size-large\"><img data-recalc-dims=\"1\" loading=\"lazy\" decoding=\"async\" width=\"800\" height=\"552\" src=\"https:\/\/i0.wp.com\/cdnoticias.com\/wp-content\/uploads\/2024\/12\/colegio-ingenieros2.jpeg?resize=800%2C552&#038;ssl=1\" alt=\"\" class=\"wp-image-132971\" srcset=\"https:\/\/i0.wp.com\/cdnoticias.com\/wp-content\/uploads\/2024\/12\/colegio-ingenieros2.jpeg?resize=1024%2C707&amp;ssl=1 1024w, https:\/\/i0.wp.com\/cdnoticias.com\/wp-content\/uploads\/2024\/12\/colegio-ingenieros2.jpeg?resize=300%2C207&amp;ssl=1 300w, https:\/\/i0.wp.com\/cdnoticias.com\/wp-content\/uploads\/2024\/12\/colegio-ingenieros2.jpeg?resize=768%2C530&amp;ssl=1 768w, https:\/\/i0.wp.com\/cdnoticias.com\/wp-content\/uploads\/2024\/12\/colegio-ingenieros2.jpeg?resize=1536%2C1060&amp;ssl=1 1536w, https:\/\/i0.wp.com\/cdnoticias.com\/wp-content\/uploads\/2024\/12\/colegio-ingenieros2.jpeg?resize=392%2C272&amp;ssl=1 392w, https:\/\/i0.wp.com\/cdnoticias.com\/wp-content\/uploads\/2024\/12\/colegio-ingenieros2.jpeg?resize=130%2C90&amp;ssl=1 130w, https:\/\/i0.wp.com\/cdnoticias.com\/wp-content\/uploads\/2024\/12\/colegio-ingenieros2.jpeg?w=1600&amp;ssl=1 1600w\" sizes=\"auto, (max-width: 800px) 100vw, 800px\" \/><\/figure>\n\n\n\n<p>El vicepresidente del <strong>Colegio de Ingenieros provincial, Ing. Ricardo Brassesco, felicit\u00f3 a las nuevas autoridades y destac\u00f3 la necesidad del trabajo colaborativo:<\/strong><\/p>\n\n\n\n<p><em>\u201cEl consenso y el trabajo conjunto son fundamentales para alcanzar el colegio que todos los ingenieros merecemos. Felicito a las autoridades del Distrito III por su dedicaci\u00f3n y compromiso\u201d.<\/em><\/p>\n\n\n\n<p>Finalmente,<strong> el presidente provincial, Ing. Jorge Castellanos, reafirm\u00f3 la misi\u00f3n de la instituci\u00f3n: <em>\u201cLa defensa irrestricta de los derechos de los ingenieros es nuestra prioridad. Los invito a sumarse y a trabajar juntos por un colegio m\u00e1s fuerte y representativo\u201d.<\/em><\/strong><\/p>\n\n\n\n<p>Durante el acto, tambi\u00e9n<strong> se entregaron reconocimientos a los miembros de la Junta Electoral Distrital, a los consejeros salientes y a las autoridades de la Mesa Ejecutiva del Consejo Superior,<\/strong> quienes con su labor previa garantizaron la continuidad institucional y la transici\u00f3n hacia esta nueva etapa.<\/p>\n\n\n\n<p class=\"has-medium-font-size\">Una gesti\u00f3n de futuro y compromiso<\/p>\n\n\n\n<p>La asunci\u00f3n de las nuevas autoridades del Distrito III representa una<strong> renovaci\u00f3n marcada por el compromiso, la unidad y la responsabilidad. Bajo el liderazgo del Ing. Hern\u00e1n Alonso, acompa\u00f1ado por la Ing. Mar\u00eda Haydee Peralta, la Ing. Nancy Patricia Fern\u00e1ndez y los vocales titulares y suplentes, el Distrito III se propone consolidar una gesti\u00f3n eficiente y cercana a sus matriculados, promoviendo la defensa de la profesi\u00f3n y el desarrollo de la ingenier\u00eda como motor de progreso e innovaci\u00f3n.<\/strong><\/p>\n","protected":false},"excerpt":{"rendered":"<p>Fue este viernes en la sede de nuestra ciudad. Particip\u00f3 el presidente del Colegio de Ingenieros a nivel bonaerense, Jorge<\/p>\n","protected":false},"author":2,"featured_media":132970,"comment_status":"closed","ping_status":"closed","sticky":false,"template":"","format":"standard","meta":{"_jetpack_memberships_contains_paid_content":false,"footnotes":""},"categories":[5,1],"tags":[],"class_list":["post-132966","post","type-post","status-publish","format-standard","has-post-thumbnail","hentry","category-informacion-general","category-portada"],"jetpack_featured_media_url":"https:\/\/i0.wp.com\/cdnoticias.com\/wp-content\/uploads\/2024\/12\/colegio-ingenieros-olavarria1.jpg?fit=1000%2C600&ssl=1","jetpack_sharing_enabled":true,"_links":{"self":[{"href":"https:\/\/cdnoticias.com\/index.php\/wp-json\/wp\/v2\/posts\/132966","targetHints":{"allow":["GET"]}}],"collection":[{"href":"https:\/\/cdnoticias.com\/index.php\/wp-json\/wp\/v2\/posts"}],"about":[{"href":"https:\/\/cdnoticias.com\/index.php\/wp-json\/wp\/v2\/types\/post"}],"author":[{"embeddable":true,"href":"https:\/\/cdnoticias.com\/index.php\/wp-json\/wp\/v2\/users\/2"}],"replies":[{"embeddable":true,"href":"https:\/\/cdnoticias.com\/index.php\/wp-json\/wp\/v2\/comments?post=132966"}],"version-history":[{"count":0,"href":"https:\/\/cdnoticias.com\/index.php\/wp-json\/wp\/v2\/posts\/132966\/revisions"}],"wp:featuredmedia":[{"embeddable":true,"href":"https:\/\/cdnoticias.com\/index.php\/wp-json\/wp\/v2\/media\/132970"}],"wp:attachment":[{"href":"https:\/\/cdnoticias.com\/index.php\/wp-json\/wp\/v2\/media?parent=132966"}],"wp:term":[{"taxonomy":"category","embeddable":true,"href":"https:\/\/cdnoticias.com\/index.php\/wp-json\/wp\/v2\/categories?post=132966"},{"taxonomy":"post_tag","embeddable":true,"href":"https:\/\/cdnoticias.com\/index.php\/wp-json\/wp\/v2\/tags?post=132966"}],"curies":[{"name":"wp","href":"https:\/\/api.w.org\/{rel}","templated":true}]}}