{"id":13296,"date":"2021-02-08T17:13:49","date_gmt":"2021-02-08T20:13:49","guid":{"rendered":"http:\/\/www.centraldenoticias.com.ar\/?p=13296"},"modified":"2021-02-08T17:49:30","modified_gmt":"2021-02-08T20:49:30","slug":"un-motociclista-herido-tras-un-choque-sobre-la-avenida-colon","status":"publish","type":"post","link":"https:\/\/cdnoticias.com\/index.php\/2021\/02\/08\/un-motociclista-herido-tras-un-choque-sobre-la-avenida-colon\/","title":{"rendered":"Un motociclista herido tras un choque sobre la avenida Col\u00f3n"},"content":{"rendered":"<p>Ocurri\u00f3 a la altura del cruce con Jun\u00edn, donde por causas que se desconocen colision\u00f3 con un Renault 12. Fue derivado de urgencia al Hospital Municipal.<!--more--><\/p>\n<hr \/>\n<p>Minutos antes de las 17 un violento siniestro vial tuvo como escenario el cruce de avenida Col\u00f3n y Jun\u00edn, donde<strong> por causas que se pretenden establecer colisionaron un Renault 12 y un ciclomotor de baja cilindrada.<\/strong><\/p>\n<p>&nbsp;<\/p>\n<p><img data-recalc-dims=\"1\" loading=\"lazy\" decoding=\"async\" class=\"alignnone size-full wp-image-13299\" src=\"https:\/\/i0.wp.com\/cdnoticias.com\/wp-content\/uploads\/2021\/02\/protada-choque.jpg?resize=800%2C445&#038;ssl=1\" alt=\"\" width=\"800\" height=\"445\" srcset=\"https:\/\/i0.wp.com\/cdnoticias.com\/wp-content\/uploads\/2021\/02\/protada-choque.jpg?w=800&amp;ssl=1 800w, https:\/\/i0.wp.com\/cdnoticias.com\/wp-content\/uploads\/2021\/02\/protada-choque.jpg?resize=300%2C167&amp;ssl=1 300w, https:\/\/i0.wp.com\/cdnoticias.com\/wp-content\/uploads\/2021\/02\/protada-choque.jpg?resize=768%2C427&amp;ssl=1 768w\" sizes=\"auto, (max-width: 800px) 100vw, 800px\" \/><\/p>\n<p>&nbsp;<\/p>\n<p><strong>Las peores consecuencias del impacto las registr\u00f3 el hombre que guiaba la moto, quien debi\u00f3 ser derivado de urgencia al Hospital Municipal por una ambulancia del SAME.<\/strong> Personal del Comando de Patrullas la escolt\u00f3 para permitir un r\u00e1pido arribo al centro asistencial local.<\/p>\n<p>&nbsp;<\/p>\n<p><img data-recalc-dims=\"1\" loading=\"lazy\" decoding=\"async\" class=\"alignnone size-full wp-image-13300\" src=\"https:\/\/i0.wp.com\/cdnoticias.com\/wp-content\/uploads\/2021\/02\/choque.jpg?resize=795%2C485&#038;ssl=1\" alt=\"\" width=\"795\" height=\"485\" srcset=\"https:\/\/i0.wp.com\/cdnoticias.com\/wp-content\/uploads\/2021\/02\/choque.jpg?w=795&amp;ssl=1 795w, https:\/\/i0.wp.com\/cdnoticias.com\/wp-content\/uploads\/2021\/02\/choque.jpg?resize=300%2C183&amp;ssl=1 300w, https:\/\/i0.wp.com\/cdnoticias.com\/wp-content\/uploads\/2021\/02\/choque.jpg?resize=768%2C469&amp;ssl=1 768w\" sizes=\"auto, (max-width: 795px) 100vw, 795px\" \/><\/p>\n<p>&nbsp;<\/p>\n<p>El conductor del autom\u00f3vil no habr\u00eda registrado lesiones, mientras que la zona fue preservada por agentes de seguridad para el posterior arribo de peritos. <strong>La circulaci\u00f3n por el sector se encuentra reducida<\/strong>.<\/p>\n","protected":false},"excerpt":{"rendered":"<p>Ocurri\u00f3 a la altura del cruce con Jun\u00edn, donde por causas que se desconocen colision\u00f3 con un Renault 12. Fue<\/p>\n","protected":false},"author":3,"featured_media":13298,"comment_status":"closed","ping_status":"closed","sticky":false,"template":"","format":"standard","meta":{"_jetpack_memberships_contains_paid_content":false,"footnotes":""},"categories":[14,1],"tags":[],"class_list":["post-13296","post","type-post","status-publish","format-standard","has-post-thumbnail","hentry","category-policiales","category-portada"],"jetpack_featured_media_url":"https:\/\/i0.wp.com\/cdnoticias.com\/wp-content\/uploads\/2021\/02\/portadachoque.jpg?fit=800%2C445&ssl=1","jetpack_sharing_enabled":true,"_links":{"self":[{"href":"https:\/\/cdnoticias.com\/index.php\/wp-json\/wp\/v2\/posts\/13296","targetHints":{"allow":["GET"]}}],"collection":[{"href":"https:\/\/cdnoticias.com\/index.php\/wp-json\/wp\/v2\/posts"}],"about":[{"href":"https:\/\/cdnoticias.com\/index.php\/wp-json\/wp\/v2\/types\/post"}],"author":[{"embeddable":true,"href":"https:\/\/cdnoticias.com\/index.php\/wp-json\/wp\/v2\/users\/3"}],"replies":[{"embeddable":true,"href":"https:\/\/cdnoticias.com\/index.php\/wp-json\/wp\/v2\/comments?post=13296"}],"version-history":[{"count":0,"href":"https:\/\/cdnoticias.com\/index.php\/wp-json\/wp\/v2\/posts\/13296\/revisions"}],"wp:featuredmedia":[{"embeddable":true,"href":"https:\/\/cdnoticias.com\/index.php\/wp-json\/wp\/v2\/media\/13298"}],"wp:attachment":[{"href":"https:\/\/cdnoticias.com\/index.php\/wp-json\/wp\/v2\/media?parent=13296"}],"wp:term":[{"taxonomy":"category","embeddable":true,"href":"https:\/\/cdnoticias.com\/index.php\/wp-json\/wp\/v2\/categories?post=13296"},{"taxonomy":"post_tag","embeddable":true,"href":"https:\/\/cdnoticias.com\/index.php\/wp-json\/wp\/v2\/tags?post=13296"}],"curies":[{"name":"wp","href":"https:\/\/api.w.org\/{rel}","templated":true}]}}