{"id":132952,"date":"2024-12-19T16:32:21","date_gmt":"2024-12-19T19:32:21","guid":{"rendered":"https:\/\/cdnoticias.com\/?p=132952"},"modified":"2024-12-19T20:48:18","modified_gmt":"2024-12-19T23:48:18","slug":"el-gobierno-elimino-el-ruta-un-tramite-para-el-transporte-de-cargas","status":"publish","type":"post","link":"https:\/\/cdnoticias.com\/index.php\/2024\/12\/19\/el-gobierno-elimino-el-ruta-un-tramite-para-el-transporte-de-cargas\/","title":{"rendered":"El Gobierno elimin\u00f3 el RUTA, un tr\u00e1mite para el transporte de cargas"},"content":{"rendered":"<p>El ministro Sturzenegger celebr\u00f3 el recorte del Registro \u00danica de Transporte Automotor en el marco del plan de reformas que lleva a cabo la gesti\u00f3n libertaria.<!--more--><\/p>\n<hr \/>\n<p>El Gobierno nacional elimin\u00f3 el <strong>tr\u00e1mite Registro \u00danica de Transporte Automotor (RUTA)<\/strong>, una certificaci\u00f3n adicional que deb\u00edan cumplir los<strong> transportistas de carga para poder circular de forma legal y que estaba vigente desde 2003<\/strong>.<\/p>\n<p>As\u00ed qued\u00f3 plasmado a trav\u00e9s del<strong> Decreto 1109\/2024<\/strong> publicado este jueves en el Bolet\u00edn Oficial, donde se explican los motivos, entre los que est\u00e1, que <em>los propietarios deb\u00edan realizar este tr\u00e1mite aun cuando los veh\u00edculos tuvieran sus revisiones t\u00e9cnicas al d\u00eda, los seguros correspondientes y cumplieran con la normativa del c\u00f3digo de tr\u00e1nsito<\/em>.<\/p>\n<blockquote><p>\u201cEl decreto firmado por el presidente Javier Milei, Guillermo Francos y Luis Caputo termina con uno de los tr\u00e1mites m\u00e1s absurdos que sufri\u00f3 nuestra carga automotor\u201d, destac\u00f3 el ministro de Desregulaci\u00f3n y Transformaci\u00f3n del Estado, Federico Sturzenegger.<\/p><\/blockquote>\n<p><strong>\u201cEn 2023 fueron 150.000 in\u00fatiles tr\u00e1mites, que costaron 500 millones de pesos y que pod\u00eda demorar un veh\u00edculo hasta 70 d\u00edas\u201d<\/strong>, dijo el ministro y marc\u00f3: \u201cHoy gracias a la Ley Bases podemos modificar la Ley 24.653 y directamente eliminarlo. Nadie va a extra\u00f1ar este tr\u00e1mite cuya eliminaci\u00f3n le <strong>recupera d\u00edas a la industria y a la producci\u00f3n\u201d<\/strong>.<\/p>\n<blockquote class=\"twitter-tweet\">\n<p dir=\"ltr\" lang=\"es\">El Decreto Delegado 1109\/24 (\u00a1gracias Ley Bases!) firmado hoy por el Presidente <a href=\"https:\/\/twitter.com\/JMilei?ref_src=twsrc%5Etfw\">@JMilei<\/a>, <a href=\"https:\/\/twitter.com\/GAFrancosOk?ref_src=twsrc%5Etfw\">@GAFrancosOk<\/a> y <a href=\"https:\/\/twitter.com\/LuisCaputoAR?ref_src=twsrc%5Etfw\">@LuisCaputoAR<\/a> termina con uno de los tr\u00e1mites m\u00e1s absurdos que sufri\u00f3 nuestra carga automotor: el RUTA.<\/p>\n<p>El Registro \u00danica de Transporte Automotor, era una certificaci\u00f3n\u2026 <a href=\"https:\/\/t.co\/RwE790MAcU\">pic.twitter.com\/RwE790MAcU<\/a><\/p>\n<p>\u2014 Fede Sturzenegger (@fedesturze) <a href=\"https:\/\/twitter.com\/fedesturze\/status\/1869706086237827091?ref_src=twsrc%5Etfw\">December 19, 2024<\/a><\/p><\/blockquote>\n<p><script async src=\"https:\/\/platform.twitter.com\/widgets.js\" charset=\"utf-8\"><\/script><\/p>\n<p>\u201cUna nota de color sobre el RUTA\u201d, agreg\u00f3 y detall\u00f3: \u201cPara evitarlo, las empresas de camionetas<strong> crearon la camioneta de doble cabina, que en la pr\u00e1ctica categoriza como auto y por ende no requer\u00eda el RUTA<\/strong>. En otras palabras, el costo de este in\u00fatil tr\u00e1mite superaba el del propio tr\u00e1mite porque implicaba una disfuncionalidad misma del veh\u00edculo de transporte\u201d.<\/p>\n<p>El decreto que regula la medida estableci\u00f3 la responsabilidad del Estado de garantizar una amplia competencia y transparencia en el mercado del transporte automotor de cargas y de que ninguna disposici\u00f3n nacional, provincial o municipal interfiera o dificulte en dichos servicios.<\/p>\n<blockquote><p>\u201cEl RUTA solo impone cargas burocr\u00e1ticas que entorpecen la libre iniciativa y obstaculizan el ejercicio pleno de la actividad econ\u00f3mica, que es el verdadero motor del desarrollo y la prosperidad de la Naci\u00f3n, exigiendo documentaci\u00f3n que ya posee el Estado o duplicando las facultades de fiscalizaci\u00f3n que ya tienen otros organismos\u201d, se estableci\u00f3 en el Bolet\u00edn.<\/p><\/blockquote>\n<p>Y se a\u00f1adi\u00f3: <strong>\u201cLa eliminaci\u00f3n de este tipo de trabas es esencial para liberar las fuerzas productivas<\/strong> y permitir que los individuos puedan desplegar su potencial, sin que sea necesario requerir tr\u00e1mites injustificados en el Estado. Resulta necesario avanzar hacia<strong> un modelo econ\u00f3mico que promueva la desregulaci\u00f3n y la eliminaci\u00f3n de barreras<\/strong> que obstaculizan el crecimiento y la innovaci\u00f3n, devolviendo a la sociedad la posibilidad de prosperar sin condicionamientos arbitrarios\u201d.<\/p>\n<p>En septiembre de este a\u00f1o, el Gobierno ya hab\u00eda avanzado con la desregulaci\u00f3n en el transporte de cargas, cuando se determin\u00f3 la eliminaci\u00f3n de la versi\u00f3n f\u00edsica del RUTA y establecieron que pasara a ser digital y gratuito. Adem\u00e1s,<em> el tr\u00e1mite era obligatorio para todo transporte con m\u00e1s de 700 kilos de carga<\/em> -con lo cual un productor no pod\u00eda mover su propia carga en un veh\u00edculo propio sin realizarlo- y ese peso m\u00ednimo se elev\u00f3 a 3500 kilos.<\/p>\n<p>Fuente: <em>Agencia DIB<\/em><\/p>\n","protected":false},"excerpt":{"rendered":"<p>El ministro Sturzenegger celebr\u00f3 el recorte del Registro \u00danica de Transporte Automotor en el marco del plan de reformas que<\/p>\n","protected":false},"author":4,"featured_media":132955,"comment_status":"closed","ping_status":"closed","sticky":false,"template":"","format":"standard","meta":{"_jetpack_memberships_contains_paid_content":false,"footnotes":""},"categories":[6,1],"tags":[],"class_list":["post-132952","post","type-post","status-publish","format-standard","has-post-thumbnail","hentry","category-nacionales","category-portada"],"jetpack_featured_media_url":"https:\/\/i0.wp.com\/cdnoticias.com\/wp-content\/uploads\/2024\/12\/control-de-transporte-de-cargas-00.jpeg?fit=696%2C488&ssl=1","jetpack_sharing_enabled":true,"_links":{"self":[{"href":"https:\/\/cdnoticias.com\/index.php\/wp-json\/wp\/v2\/posts\/132952","targetHints":{"allow":["GET"]}}],"collection":[{"href":"https:\/\/cdnoticias.com\/index.php\/wp-json\/wp\/v2\/posts"}],"about":[{"href":"https:\/\/cdnoticias.com\/index.php\/wp-json\/wp\/v2\/types\/post"}],"author":[{"embeddable":true,"href":"https:\/\/cdnoticias.com\/index.php\/wp-json\/wp\/v2\/users\/4"}],"replies":[{"embeddable":true,"href":"https:\/\/cdnoticias.com\/index.php\/wp-json\/wp\/v2\/comments?post=132952"}],"version-history":[{"count":0,"href":"https:\/\/cdnoticias.com\/index.php\/wp-json\/wp\/v2\/posts\/132952\/revisions"}],"wp:featuredmedia":[{"embeddable":true,"href":"https:\/\/cdnoticias.com\/index.php\/wp-json\/wp\/v2\/media\/132955"}],"wp:attachment":[{"href":"https:\/\/cdnoticias.com\/index.php\/wp-json\/wp\/v2\/media?parent=132952"}],"wp:term":[{"taxonomy":"category","embeddable":true,"href":"https:\/\/cdnoticias.com\/index.php\/wp-json\/wp\/v2\/categories?post=132952"},{"taxonomy":"post_tag","embeddable":true,"href":"https:\/\/cdnoticias.com\/index.php\/wp-json\/wp\/v2\/tags?post=132952"}],"curies":[{"name":"wp","href":"https:\/\/api.w.org\/{rel}","templated":true}]}}