{"id":132930,"date":"2024-12-19T08:50:40","date_gmt":"2024-12-19T11:50:40","guid":{"rendered":"https:\/\/cdnoticias.com\/?p=132930"},"modified":"2024-12-19T11:15:33","modified_gmt":"2024-12-19T14:15:33","slug":"un-marplatense-buscado-desde-2020-fue-detenido-en-olavarria","status":"publish","type":"post","link":"https:\/\/cdnoticias.com\/index.php\/2024\/12\/19\/un-marplatense-buscado-desde-2020-fue-detenido-en-olavarria\/","title":{"rendered":"Un marplatense buscado desde 2020 fue detenido en Olavarr\u00eda"},"content":{"rendered":"\n<p>Fue interceptado en las \u00faltimas horas en avenida Col\u00f3n y Lavalle. Est\u00e1 investigado en una causa por estafa.<\/p>\n\n\n\n<hr class=\"wp-block-separator has-alpha-channel-opacity\"\/>\n\n\n\n<p>En las \u00faltimas horas <strong>un marplatense de 68 a\u00f1os fue interceptado por personal policial en avenida Col\u00f3n y Lavalle.<\/strong><\/p>\n\n\n\n<p><\/p>\n\n\n\n<p>El hombre ten\u00eda un <strong>pedido de paradero activo desde el 13 de enero de 2020 en una causa caratulada como \u201cEstafa\u201d<\/strong> con intervenci\u00f3n de la UFI N\u00b0 10 de Mar del Plata.<\/p>\n\n\n\n<p><\/p>\n\n\n\n<p>El detenido fue trasladado al a sede policial para cumplimentar los recaudos legales y se notific\u00f3 al magistrado interviniente.<\/p>\n","protected":false},"excerpt":{"rendered":"<p>Fue interceptado en las \u00faltimas horas en avenida Col\u00f3n y Lavalle. Est\u00e1 investigado en una causa por estafa. En las<\/p>\n","protected":false},"author":5,"featured_media":132931,"comment_status":"closed","ping_status":"closed","sticky":false,"template":"","format":"standard","meta":{"_jetpack_memberships_contains_paid_content":false,"footnotes":""},"categories":[14,1],"tags":[],"class_list":["post-132930","post","type-post","status-publish","format-standard","has-post-thumbnail","hentry","category-policiales","category-portada"],"jetpack_featured_media_url":"https:\/\/i0.wp.com\/cdnoticias.com\/wp-content\/uploads\/2024\/12\/pedido-captura-marplatense.jpg?fit=800%2C445&ssl=1","jetpack_sharing_enabled":true,"_links":{"self":[{"href":"https:\/\/cdnoticias.com\/index.php\/wp-json\/wp\/v2\/posts\/132930","targetHints":{"allow":["GET"]}}],"collection":[{"href":"https:\/\/cdnoticias.com\/index.php\/wp-json\/wp\/v2\/posts"}],"about":[{"href":"https:\/\/cdnoticias.com\/index.php\/wp-json\/wp\/v2\/types\/post"}],"author":[{"embeddable":true,"href":"https:\/\/cdnoticias.com\/index.php\/wp-json\/wp\/v2\/users\/5"}],"replies":[{"embeddable":true,"href":"https:\/\/cdnoticias.com\/index.php\/wp-json\/wp\/v2\/comments?post=132930"}],"version-history":[{"count":0,"href":"https:\/\/cdnoticias.com\/index.php\/wp-json\/wp\/v2\/posts\/132930\/revisions"}],"wp:featuredmedia":[{"embeddable":true,"href":"https:\/\/cdnoticias.com\/index.php\/wp-json\/wp\/v2\/media\/132931"}],"wp:attachment":[{"href":"https:\/\/cdnoticias.com\/index.php\/wp-json\/wp\/v2\/media?parent=132930"}],"wp:term":[{"taxonomy":"category","embeddable":true,"href":"https:\/\/cdnoticias.com\/index.php\/wp-json\/wp\/v2\/categories?post=132930"},{"taxonomy":"post_tag","embeddable":true,"href":"https:\/\/cdnoticias.com\/index.php\/wp-json\/wp\/v2\/tags?post=132930"}],"curies":[{"name":"wp","href":"https:\/\/api.w.org\/{rel}","templated":true}]}}