{"id":132907,"date":"2024-12-18T19:34:26","date_gmt":"2024-12-18T22:34:26","guid":{"rendered":"https:\/\/cdnoticias.com\/?p=132907"},"modified":"2024-12-19T08:19:34","modified_gmt":"2024-12-19T11:19:34","slug":"tras-un-importante-cambio-en-el-convenio-ioma-y-femeba-llegaron-a-un-acuerdo","status":"publish","type":"post","link":"https:\/\/cdnoticias.com\/index.php\/2024\/12\/18\/tras-un-importante-cambio-en-el-convenio-ioma-y-femeba-llegaron-a-un-acuerdo\/","title":{"rendered":"Tras un importante cambio en el convenio, IOMA y Femeba llegaron a un acuerdo"},"content":{"rendered":"\n<p>IOMA celebr\u00f3 el \u201cfin de la intermediaci\u00f3n econ\u00f3mica\u201d con la federaci\u00f3n, que manifest\u00f3 \u201cbuena voluntad\u201d para solucionar el conflicto. Finalizaron el convenio capitado y ahora pasar\u00e1 a ser por prestaci\u00f3n.<\/p>\n\n\n\n<hr class=\"wp-block-separator aligncenter has-alpha-channel-opacity\"\/>\n\n\n\n<p>Tras m\u00e1s de dos meses y medio de conflicto, protestas e idas y vueltas,<strong> IOMA y Femeba lograron un entendimiento y firmaron un convenio que permitir\u00e1 que los m\u00e9dicos vuelvan a atender por la obra social en toda la Provincia, previa adhesi\u00f3n de los C\u00edrculos M\u00e9dicos locales.<\/strong><\/p>\n\n\n\n<p>Vale decir que <strong>el acuerdo tiene como principal pilar la finalizaci\u00f3n del convenio capitado que los vinculaba y ahora pasar\u00e1 a ser un convenio por prestaci\u00f3n en todo su \u00e1mbito geogr\u00e1fico.<\/strong> Femeba indic\u00f3 oficialmente que se trat\u00f3 de<em> \u201cuna muestra de buena voluntad junto a sus entidades primarias para solucionar el conflicto\u201d. <\/em>IOMA, por su parte, lo describi\u00f3 como <em>\u201cel final de la intermediaci\u00f3n econ\u00f3mica\u201d <\/em>de Femeba.<\/p>\n\n\n\n<p>La suscripci\u00f3n de este acuerdo, que<strong> abarca todos los partidos donde tiene \u00e1mbito Femeba (entre ellos Olavarr\u00eda) implica la adhesi\u00f3n voluntaria de cada una de las Entidades Primarias, y la obligaci\u00f3n de reempadronar a todos sus m\u00e9dicos quienes<em> \u201cdeber\u00e1n comprometerse a no percibir sumas no previstas en el convenio\u201d.<\/em><\/strong><\/p>\n\n\n\n<p>Asimismo, <strong>Femeba deber\u00e1 remitir al IOMA en forma detallada toda la informaci\u00f3n prestacional que corresponda.<\/strong><\/p>\n\n\n\n<p>Respecto a la deuda del Instituto,<strong> la Federaci\u00f3n M\u00e9dica acept\u00f3 conciliar la deuda que reclama en comisi\u00f3n mixta.<\/strong> \u201cPor otra parte, mediante este acuerdo, la Federaci\u00f3n M\u00e9dica se obliga a no implementar nuevos ceses o cortes de servicio por este tema, ni establecer pagos de los afiliados en forma unilateral\u201d indicaron.<\/p>\n\n\n\n<blockquote class=\"wp-block-quote is-layout-flow wp-block-quote-is-layout-flow\">\n<p>El convenio por prestaci\u00f3n se suscribir\u00e1 a similares valores y en las mismas condiciones que las acordadas por la obra social con otras entidades m\u00e9dicas en el resto de la provincia.<\/p>\n<\/blockquote>\n\n\n\n<p>La decisi\u00f3n de Femeba trae como consecuencia <em>\u201cla normalizaci\u00f3n de las prestaciones en todo el \u00e1mbito provincial, e implica para beneficiarios y m\u00e9dicos, restablecer su relaci\u00f3n\u201d.<\/em><\/p>\n\n\n\n<p>Finalmente, desde la Federaci\u00f3n indicaron que se trata de <em>\u201cun \u00e9xito de la gesti\u00f3n realizada, basada en el esfuerzo y lucha de todos los m\u00e9dicos federados, sobre todo aquellos que sin poder trabajar resistieron de una manera notable los embates de un gobierno poderoso y sin escr\u00fapulos, que no ahorr\u00f3 medios para doblarnos el brazo&#8230;.y como dijo el gobernador \u2018no se pidi\u00f3\u2019\u201d <\/em>cerraron con dureza.<\/p>\n","protected":false},"excerpt":{"rendered":"<p>IOMA celebr\u00f3 el \u201cfin de la intermediaci\u00f3n econ\u00f3mica\u201d con la federaci\u00f3n, que manifest\u00f3 \u201cbuena voluntad\u201d para solucionar el conflicto. Finalizaron<\/p>\n","protected":false},"author":2,"featured_media":132908,"comment_status":"closed","ping_status":"closed","sticky":false,"template":"","format":"standard","meta":{"_jetpack_memberships_contains_paid_content":false,"footnotes":""},"categories":[5,1],"tags":[],"class_list":["post-132907","post","type-post","status-publish","format-standard","has-post-thumbnail","hentry","category-informacion-general","category-portada"],"jetpack_featured_media_url":"https:\/\/i0.wp.com\/cdnoticias.com\/wp-content\/uploads\/2024\/12\/femeba-ioma.jpg?fit=1024%2C680&ssl=1","jetpack_sharing_enabled":true,"_links":{"self":[{"href":"https:\/\/cdnoticias.com\/index.php\/wp-json\/wp\/v2\/posts\/132907","targetHints":{"allow":["GET"]}}],"collection":[{"href":"https:\/\/cdnoticias.com\/index.php\/wp-json\/wp\/v2\/posts"}],"about":[{"href":"https:\/\/cdnoticias.com\/index.php\/wp-json\/wp\/v2\/types\/post"}],"author":[{"embeddable":true,"href":"https:\/\/cdnoticias.com\/index.php\/wp-json\/wp\/v2\/users\/2"}],"replies":[{"embeddable":true,"href":"https:\/\/cdnoticias.com\/index.php\/wp-json\/wp\/v2\/comments?post=132907"}],"version-history":[{"count":0,"href":"https:\/\/cdnoticias.com\/index.php\/wp-json\/wp\/v2\/posts\/132907\/revisions"}],"wp:featuredmedia":[{"embeddable":true,"href":"https:\/\/cdnoticias.com\/index.php\/wp-json\/wp\/v2\/media\/132908"}],"wp:attachment":[{"href":"https:\/\/cdnoticias.com\/index.php\/wp-json\/wp\/v2\/media?parent=132907"}],"wp:term":[{"taxonomy":"category","embeddable":true,"href":"https:\/\/cdnoticias.com\/index.php\/wp-json\/wp\/v2\/categories?post=132907"},{"taxonomy":"post_tag","embeddable":true,"href":"https:\/\/cdnoticias.com\/index.php\/wp-json\/wp\/v2\/tags?post=132907"}],"curies":[{"name":"wp","href":"https:\/\/api.w.org\/{rel}","templated":true}]}}