{"id":132880,"date":"2024-12-19T19:32:00","date_gmt":"2024-12-19T22:32:00","guid":{"rendered":"https:\/\/cdnoticias.com\/?p=132880"},"modified":"2024-12-19T19:32:02","modified_gmt":"2024-12-19T22:32:02","slug":"se-abrira-un-jardin-maternal-municipal-en-loma-negra","status":"publish","type":"post","link":"https:\/\/cdnoticias.com\/index.php\/2024\/12\/19\/se-abrira-un-jardin-maternal-municipal-en-loma-negra\/","title":{"rendered":"Se abrir\u00e1 un Jard\u00edn Maternal Municipal en Loma Negra"},"content":{"rendered":"<p>Lo dio a conocer el intendente Maximiliano Wesner para el a\u00f1o pr\u00f3ximo con lo que en total ser\u00e1n 13 los jardines maternales dependientes de la Municipalidad.<!--more--><\/p>\n<hr \/>\n<p>El <strong>intendente Maximiliano Wesner<\/strong> anunci\u00f3 que el <strong>a\u00f1o pr\u00f3ximo<\/strong> se <strong>abrir\u00e1 un Jard\u00edn Maternal Municipal en Loma Negra<\/strong>.<\/p>\n<p>Fue en el encuentro de cierre de a\u00f1o de las<strong> trabajadoras de los Jardines Maternales Municipales<\/strong> que se conmemor\u00f3 el lunes con un <strong>almuerzo en el SUM del Servicio Territorial N\u00ba 4<\/strong>. Wesner asisti\u00f3 con la Jefa de Gabinete, Mercedes Landivar.<\/p>\n<p>Estuvieron la <strong>subsecretaria de Protecci\u00f3n Integral de Derechos. Malena Pianciola<\/strong>, junto a todo el equipo de coordinadoras y de las m\u00e1s de 100 trabajadoras.<\/p>\n<blockquote>\n<p>En ese marco, el jefe comunal destac\u00f3 que \u201cse termina un a\u00f1o muy intenso y vamos a comenzar uno con novedades que va ser la apertura de un nuevo servicio, el Jard\u00edn Maternal en la localidad de Loma Negra\u201d. De esta manera, desde 2025 el Municipio contar\u00e1 con 13 jardines maternales en el distrito.<\/p>\n<\/blockquote>\n<p>\u201cEsta propuesta institucional y curricular, para nosotros, es fundamental\u201d valor\u00f3 Wesner quien resalt\u00f3 la trayectoria de los jardines maternales, pol\u00edtica p\u00fablica sobre la que se\u00f1al\u00f3 que<strong> \u201cva a quedar en la posteridad y no va a quedar enmarcada en estos cuatro a\u00f1os de mandato<\/strong>, en estos tres a\u00f1os de gesti\u00f3n que quedan, sino que va a quedar para la familia y eso est\u00e1 buen\u00edsimo, porque es pensar en el mediano y largo plazo\u201d.<\/p>\n<p>Adem\u00e1s,<strong> destac\u00f3 la labor del personal del \u00e1rea: \u201custedes son las protagonistas<\/strong>, las que tienen el term\u00f3metro de cada sala, las que tienen el term\u00f3metro de ese maternal del barrio. Y eso creo que se ve reflejado y se ve plasmado en este trabajo en conjunto que les propusimos desde la subsecretar\u00eda\u201d.<\/p>\n<p>La subsecretaria Malena Pianciola tambi\u00e9n destac\u00f3 el trabajo diario que realiza el personal, las mejoras edilicias en distintos jardines y el informe que se elabor\u00f3 en el marco del relevamiento local sobre ni\u00f1eces y adolescencias ante UNICEF, <a href=\"https:\/\/cdnoticias.com\/index.php\/2024\/12\/05\/wesner-participo-de-la-presentacion-del-informe-local-de-muna\/\" target=\"_blank\" rel=\"noopener\">en el marco del programa MUNA (Municipio Unido por la Ni\u00f1ez y la Adolescencia)<\/a>.<\/p>\n\n\n<p><\/p>\n","protected":false},"excerpt":{"rendered":"<p>Lo dio a conocer el intendente Maximiliano Wesner para el a\u00f1o pr\u00f3ximo con lo que en total ser\u00e1n 13 los<\/p>\n","protected":false},"author":4,"featured_media":132881,"comment_status":"closed","ping_status":"closed","sticky":false,"template":"","format":"standard","meta":{"_jetpack_memberships_contains_paid_content":false,"footnotes":""},"categories":[5,1],"tags":[],"class_list":["post-132880","post","type-post","status-publish","format-standard","has-post-thumbnail","hentry","category-informacion-general","category-portada"],"jetpack_featured_media_url":"https:\/\/i0.wp.com\/cdnoticias.com\/wp-content\/uploads\/2024\/12\/jardines-maternales-wesner.jpg?fit=1000%2C556&ssl=1","jetpack_sharing_enabled":true,"_links":{"self":[{"href":"https:\/\/cdnoticias.com\/index.php\/wp-json\/wp\/v2\/posts\/132880","targetHints":{"allow":["GET"]}}],"collection":[{"href":"https:\/\/cdnoticias.com\/index.php\/wp-json\/wp\/v2\/posts"}],"about":[{"href":"https:\/\/cdnoticias.com\/index.php\/wp-json\/wp\/v2\/types\/post"}],"author":[{"embeddable":true,"href":"https:\/\/cdnoticias.com\/index.php\/wp-json\/wp\/v2\/users\/4"}],"replies":[{"embeddable":true,"href":"https:\/\/cdnoticias.com\/index.php\/wp-json\/wp\/v2\/comments?post=132880"}],"version-history":[{"count":0,"href":"https:\/\/cdnoticias.com\/index.php\/wp-json\/wp\/v2\/posts\/132880\/revisions"}],"wp:featuredmedia":[{"embeddable":true,"href":"https:\/\/cdnoticias.com\/index.php\/wp-json\/wp\/v2\/media\/132881"}],"wp:attachment":[{"href":"https:\/\/cdnoticias.com\/index.php\/wp-json\/wp\/v2\/media?parent=132880"}],"wp:term":[{"taxonomy":"category","embeddable":true,"href":"https:\/\/cdnoticias.com\/index.php\/wp-json\/wp\/v2\/categories?post=132880"},{"taxonomy":"post_tag","embeddable":true,"href":"https:\/\/cdnoticias.com\/index.php\/wp-json\/wp\/v2\/tags?post=132880"}],"curies":[{"name":"wp","href":"https:\/\/api.w.org\/{rel}","templated":true}]}}