{"id":132860,"date":"2024-12-18T09:53:32","date_gmt":"2024-12-18T12:53:32","guid":{"rendered":"https:\/\/cdnoticias.com\/?p=132860"},"modified":"2024-12-18T12:38:44","modified_gmt":"2024-12-18T15:38:44","slug":"tenia-un-pedido-de-captura-activa-y-fue-apresado","status":"publish","type":"post","link":"https:\/\/cdnoticias.com\/index.php\/2024\/12\/18\/tenia-un-pedido-de-captura-activa-y-fue-apresado\/","title":{"rendered":"Ten\u00eda un pedido de captura activa y fue apresado"},"content":{"rendered":"\n<p>El hombre de 34 a\u00f1os era buscado en una causa por \u201casociaci\u00f3n il\u00edcita en concurso real con estafa\u201d.<\/p>\n\n\n\n<hr class=\"wp-block-separator has-alpha-channel-opacity\"\/>\n\n\n\n<p>En las \u00faltimas horas personal del Comando de Patrullas apres\u00f3 a un hombre de 34 a\u00f1os que ten\u00eda un<strong> pedido de captura activa desde el 9 de mayo de este a\u00f1o.<\/strong><\/p>\n\n\n\n<p><\/p>\n\n\n\n<p>Seg\u00fan se indic\u00f3, fue identificado en 25 de Mayo y Hornos y al ser cursado sus datos por la red de inform\u00e1tica se determin\u00f3 que era buscado en una causa por <strong>\u201casociaci\u00f3n il\u00edcita en concurso real con estafa\u201d<\/strong> a solicitud del TOC N\u00b0 2 de Azul.<\/p>\n\n\n\n<p><\/p>\n\n\n\n<p>El hombre <strong>fue trasladado a la comisar\u00eda Primera<\/strong> para cumplimentar los recaudos legales.<\/p>\n","protected":false},"excerpt":{"rendered":"<p>El hombre de 34 a\u00f1os era buscado en una causa por \u201casociaci\u00f3n il\u00edcita en concurso real con estafa\u201d. En las<\/p>\n","protected":false},"author":5,"featured_media":132861,"comment_status":"closed","ping_status":"closed","sticky":false,"template":"","format":"standard","meta":{"_jetpack_memberships_contains_paid_content":false,"footnotes":""},"categories":[14,1],"tags":[],"class_list":["post-132860","post","type-post","status-publish","format-standard","has-post-thumbnail","hentry","category-policiales","category-portada"],"jetpack_featured_media_url":"https:\/\/i0.wp.com\/cdnoticias.com\/wp-content\/uploads\/2024\/12\/captura-activa.jpg?fit=800%2C444&ssl=1","jetpack_sharing_enabled":true,"_links":{"self":[{"href":"https:\/\/cdnoticias.com\/index.php\/wp-json\/wp\/v2\/posts\/132860","targetHints":{"allow":["GET"]}}],"collection":[{"href":"https:\/\/cdnoticias.com\/index.php\/wp-json\/wp\/v2\/posts"}],"about":[{"href":"https:\/\/cdnoticias.com\/index.php\/wp-json\/wp\/v2\/types\/post"}],"author":[{"embeddable":true,"href":"https:\/\/cdnoticias.com\/index.php\/wp-json\/wp\/v2\/users\/5"}],"replies":[{"embeddable":true,"href":"https:\/\/cdnoticias.com\/index.php\/wp-json\/wp\/v2\/comments?post=132860"}],"version-history":[{"count":0,"href":"https:\/\/cdnoticias.com\/index.php\/wp-json\/wp\/v2\/posts\/132860\/revisions"}],"wp:featuredmedia":[{"embeddable":true,"href":"https:\/\/cdnoticias.com\/index.php\/wp-json\/wp\/v2\/media\/132861"}],"wp:attachment":[{"href":"https:\/\/cdnoticias.com\/index.php\/wp-json\/wp\/v2\/media?parent=132860"}],"wp:term":[{"taxonomy":"category","embeddable":true,"href":"https:\/\/cdnoticias.com\/index.php\/wp-json\/wp\/v2\/categories?post=132860"},{"taxonomy":"post_tag","embeddable":true,"href":"https:\/\/cdnoticias.com\/index.php\/wp-json\/wp\/v2\/tags?post=132860"}],"curies":[{"name":"wp","href":"https:\/\/api.w.org\/{rel}","templated":true}]}}