{"id":13285,"date":"2021-02-08T16:48:41","date_gmt":"2021-02-08T19:48:41","guid":{"rendered":"http:\/\/www.centraldenoticias.com.ar\/?p=13285"},"modified":"2021-02-08T17:14:23","modified_gmt":"2021-02-08T20:14:23","slug":"sorprendieron-un-conductor-que-manejaba-con-mas-de-3-gramos-de-alcohol-en-sangre","status":"publish","type":"post","link":"https:\/\/cdnoticias.com\/index.php\/2021\/02\/08\/sorprendieron-un-conductor-que-manejaba-con-mas-de-3-gramos-de-alcohol-en-sangre\/","title":{"rendered":"Sorprendieron un conductor que manejaba con m\u00e1s de 3 gramos de alcohol en sangre"},"content":{"rendered":"<p>Fue el \u00faltimo fin de semana en Sierra Chica, en el marco de las tareas realizadas desde Control Urbano. Adem\u00e1s, se secuestraron 5 autos y tres motos. <strong>Los detalles<\/strong>.<!--more--><\/p>\n<hr \/>\n<p>Permanecen los esfuerzos preventivos en materia de Seguridad Vial desde la Direcci\u00f3n de Control Urbano Municipal, mediante la realizaci\u00f3n de operativos en distintos puntos de la ciudad y el partido. Tal como viene sucediendo desde hace ya algunas semanas,<strong> adem\u00e1s del controles de rigor, tambi\u00e9n se lleva adelante la entrega de folleter\u00eda con recaudos y consejos para una conducci\u00f3n y circulaci\u00f3n segura.<\/strong><\/p>\n<p>&nbsp;<\/p>\n<p><em><strong>Central de Noticias<\/strong><\/em> accedi\u00f3 a detalles de las tareas realizadas durante la primera semana del presente mes y pudo conocer, por ejemplo, que en las \u00faltimas horas <strong>un hombre fue sorprendido manejando con m\u00e1s de 3 gramos de alcohol en sangre. Sucedi\u00f3 en la madrugada del \u00faltimo domingo en Sierra Chica, donde fue interceptado a bordo de un Fiat Siena<\/strong>.<\/p>\n<p>&nbsp;<\/p>\n<figure id=\"attachment_13288\" aria-describedby=\"caption-attachment-13288\" style=\"width: 800px\" class=\"wp-caption alignnone\"><img data-recalc-dims=\"1\" loading=\"lazy\" decoding=\"async\" class=\"size-full wp-image-13288\" src=\"https:\/\/i0.wp.com\/cdnoticias.com\/wp-content\/uploads\/2021\/02\/controles.jpg?resize=800%2C445&#038;ssl=1\" alt=\"\" width=\"800\" height=\"445\" srcset=\"https:\/\/i0.wp.com\/cdnoticias.com\/wp-content\/uploads\/2021\/02\/controles.jpg?w=800&amp;ssl=1 800w, https:\/\/i0.wp.com\/cdnoticias.com\/wp-content\/uploads\/2021\/02\/controles.jpg?resize=300%2C167&amp;ssl=1 300w, https:\/\/i0.wp.com\/cdnoticias.com\/wp-content\/uploads\/2021\/02\/controles.jpg?resize=768%2C427&amp;ssl=1 768w\" sizes=\"auto, (max-width: 800px) 100vw, 800px\" \/><figcaption id=\"caption-attachment-13288\" class=\"wp-caption-text\">Operativo de este lunes en Rivadavia, casi 226. Foto Ilustrativa<\/figcaption><\/figure>\n<p>&nbsp;<\/p>\n<p>No fue el \u00fanico caso de alcoholemia positiva del pasado fin de semana. Ya que en la madrugada del s\u00e1bado<strong> a un motociclista se le detect\u00f3 un dosaje de 1 g\/l de alcohol en sangre. Circulaba a bordo de una moto de baja cilindrada por el centro de la ciudad.<\/strong><\/p>\n<p>&nbsp;<\/p>\n<p>Adem\u00e1s, debido a la detecci\u00f3n de distintas infracciones a la Ley de Tr\u00e1nsito, <strong>se secuestraron 8 rodados<\/strong>. Se trat\u00f3 de cinco autom\u00f3viles y 3 ciclomotores, adem\u00e1s de la retenci\u00f3n de una licencia de conducir. <strong>En total se labraron 31 actas<\/strong>.<\/p>\n<p>&nbsp;<\/p>\n<p><em><strong>M\u00e1s controles<\/strong><\/em><\/p>\n<p>&nbsp;<\/p>\n<p>En la jornada de este lunes pudieron verse tareas de estas caracter\u00edsticas en distintos puntos de la ciudad. Vale destacar que, adem\u00e1s de personal de Control Urbano, suele contarse con el<strong> apoyo de dependencias policiales, tales como el Comando de Patrullas, GAD o polic\u00eda Local.<\/strong><\/p>\n<p>&nbsp;<\/p>\n<p><strong>El acceso a Olavarr\u00eda por Rivadavia<\/strong>, frente al estacionamiento de Walmart, o los cruces de avenida <strong>Pueyrred\u00f3n y Moreno, y avenida Del Valle y Ant\u00e1rtida Argentina<\/strong> fueron algunos de los sitios donde se llevaron adelante operativos en las \u00faltimas horas.<\/p>\n<p>&nbsp;<\/p>\n","protected":false},"excerpt":{"rendered":"<p>Fue el \u00faltimo fin de semana en Sierra Chica, en el marco de las tareas realizadas desde Control Urbano. Adem\u00e1s,<\/p>\n","protected":false},"author":3,"featured_media":4926,"comment_status":"closed","ping_status":"closed","sticky":false,"template":"","format":"standard","meta":{"_jetpack_memberships_contains_paid_content":false,"footnotes":""},"categories":[14,1],"tags":[],"class_list":["post-13285","post","type-post","status-publish","format-standard","has-post-thumbnail","hentry","category-policiales","category-portada"],"jetpack_featured_media_url":"https:\/\/i0.wp.com\/cdnoticias.com\/wp-content\/uploads\/2020\/10\/control-e1603913283637.jpg?fit=864%2C458&ssl=1","jetpack_sharing_enabled":true,"_links":{"self":[{"href":"https:\/\/cdnoticias.com\/index.php\/wp-json\/wp\/v2\/posts\/13285","targetHints":{"allow":["GET"]}}],"collection":[{"href":"https:\/\/cdnoticias.com\/index.php\/wp-json\/wp\/v2\/posts"}],"about":[{"href":"https:\/\/cdnoticias.com\/index.php\/wp-json\/wp\/v2\/types\/post"}],"author":[{"embeddable":true,"href":"https:\/\/cdnoticias.com\/index.php\/wp-json\/wp\/v2\/users\/3"}],"replies":[{"embeddable":true,"href":"https:\/\/cdnoticias.com\/index.php\/wp-json\/wp\/v2\/comments?post=13285"}],"version-history":[{"count":0,"href":"https:\/\/cdnoticias.com\/index.php\/wp-json\/wp\/v2\/posts\/13285\/revisions"}],"wp:featuredmedia":[{"embeddable":true,"href":"https:\/\/cdnoticias.com\/index.php\/wp-json\/wp\/v2\/media\/4926"}],"wp:attachment":[{"href":"https:\/\/cdnoticias.com\/index.php\/wp-json\/wp\/v2\/media?parent=13285"}],"wp:term":[{"taxonomy":"category","embeddable":true,"href":"https:\/\/cdnoticias.com\/index.php\/wp-json\/wp\/v2\/categories?post=13285"},{"taxonomy":"post_tag","embeddable":true,"href":"https:\/\/cdnoticias.com\/index.php\/wp-json\/wp\/v2\/tags?post=13285"}],"curies":[{"name":"wp","href":"https:\/\/api.w.org\/{rel}","templated":true}]}}