{"id":132834,"date":"2024-12-17T20:31:24","date_gmt":"2024-12-17T23:31:24","guid":{"rendered":"https:\/\/cdnoticias.com\/?p=132834"},"modified":"2024-12-18T09:53:44","modified_gmt":"2024-12-18T12:53:44","slug":"un-olavarriense-implicado-en-un-violento-accidente-en-ruta-188","status":"publish","type":"post","link":"https:\/\/cdnoticias.com\/index.php\/2024\/12\/17\/un-olavarriense-implicado-en-un-violento-accidente-en-ruta-188\/","title":{"rendered":"Un olavarriense implicado en un violento accidente en Ruta 188"},"content":{"rendered":"\n<p>Es un camionero de 54 a\u00f1os que termin\u00f3 herido. Se presume que el siniestro vial se produjo por un denso humo por una quema de pastizales.<\/p>\n\n\n\n<hr class=\"wp-block-separator aligncenter has-alpha-channel-opacity\"\/>\n\n\n\n<p>Este martes,<strong> un choque m\u00faltiple ocurrido en la Ruta 188 a la altura de Villa Esperanza, San Nicol\u00e1s, dej\u00f3 como saldo varios heridos y da\u00f1os materiales, en un siniestro que tuvo como causa principal la visibilidad reducida provocada por el denso humo generado por la quema de pastizales<\/strong> en la zona. El accidente involucr\u00f3 a dos camiones y dos veh\u00edculos de menor porte. <strong>Uno de los camiones era conducido por un olavarriense.<\/strong><\/p>\n\n\n\n<p>Seg\u00fan inform\u00f3 el Departamento Zona Operativa Vial III de San Nicol\u00e1s, el hecho se produjo cuando un cami\u00f3n Fiat Iveco, <strong>cargado con carbonilla y conducido por un hombre de 54 a\u00f1os domiciliado en Olavarr\u00eda embisti\u00f3 desde atr\u00e1s a otro cami\u00f3n Fiat Iveco 1720 que transportaba fertilizante y era manejado por un hombre de 33 a\u00f1os, quien result\u00f3 ileso.<\/strong><\/p>\n\n\n\n<figure class=\"wp-block-image size-full\"><img data-recalc-dims=\"1\" loading=\"lazy\" decoding=\"async\" width=\"800\" height=\"455\" src=\"https:\/\/i0.wp.com\/cdnoticias.com\/wp-content\/uploads\/2024\/12\/accidente-san-nicolas.jpg?resize=800%2C455&#038;ssl=1\" alt=\"\" class=\"wp-image-132835\" srcset=\"https:\/\/i0.wp.com\/cdnoticias.com\/wp-content\/uploads\/2024\/12\/accidente-san-nicolas.jpg?w=817&amp;ssl=1 817w, https:\/\/i0.wp.com\/cdnoticias.com\/wp-content\/uploads\/2024\/12\/accidente-san-nicolas.jpg?resize=300%2C171&amp;ssl=1 300w, https:\/\/i0.wp.com\/cdnoticias.com\/wp-content\/uploads\/2024\/12\/accidente-san-nicolas.jpg?resize=768%2C437&amp;ssl=1 768w\" sizes=\"auto, (max-width: 800px) 100vw, 800px\" \/><\/figure>\n\n\n\n<p>Como consecuencia del impacto,<strong> el conductor del primer cami\u00f3n qued\u00f3 atrapado en la cabina y debi\u00f3 ser rescatado para luego ser trasladado al hospital local con lesiones que se evaluaban en el centro de salud.<\/strong><\/p>\n\n\n\n<p>A ra\u00edz de esta colisi\u00f3n inicial,<strong> se produjo un segundo impacto frontal entre dos veh\u00edculos menores. Uno de ellos, un Fiat Strada, era conducido por un hombre de 38 a\u00f1os que sufri\u00f3 lesiones leves y viajaba acompa\u00f1ado por una joven de 29 a\u00f1os, quien tambi\u00e9n present\u00f3 heridas de car\u00e1cter leve. El otro autom\u00f3vil, un Fiat Uno, era manejado por un hombre de 48 a\u00f1os, quien result\u00f3 con lesiones similares.<\/strong><\/p>\n\n\n\n<figure class=\"wp-block-image size-full\"><img data-recalc-dims=\"1\" loading=\"lazy\" decoding=\"async\" width=\"800\" height=\"461\" src=\"https:\/\/i0.wp.com\/cdnoticias.com\/wp-content\/uploads\/2024\/12\/accidente-san-nicolas2.jpg?resize=800%2C461&#038;ssl=1\" alt=\"\" class=\"wp-image-132837\" srcset=\"https:\/\/i0.wp.com\/cdnoticias.com\/wp-content\/uploads\/2024\/12\/accidente-san-nicolas2.jpg?w=811&amp;ssl=1 811w, https:\/\/i0.wp.com\/cdnoticias.com\/wp-content\/uploads\/2024\/12\/accidente-san-nicolas2.jpg?resize=300%2C173&amp;ssl=1 300w, https:\/\/i0.wp.com\/cdnoticias.com\/wp-content\/uploads\/2024\/12\/accidente-san-nicolas2.jpg?resize=768%2C442&amp;ssl=1 768w\" sizes=\"auto, (max-width: 800px) 100vw, 800px\" \/><\/figure>\n\n\n\n<p>El siniestro gener\u00f3 demoras y dificultades en el tr\u00e1nsito en la Ruta 188, mientras personal de emergencias y de seguridad trabaj\u00f3 en el lugar para asistir a los heridos y despejar la zona.<strong> Las autoridades se\u00f1alaron que la visibilidad reducida, ocasionada por la quema de pastizales en los alrededores, fue un factor determinante en la secuencia de colisiones.<\/strong><\/p>\n\n\n\n<p><em>Foto e informaci\u00f3n: gentileza Diario El Norte de San Nicol\u00e1s<\/em><\/p>\n","protected":false},"excerpt":{"rendered":"<p>Es un camionero de 54 a\u00f1os que termin\u00f3 herido. Se presume que el siniestro vial se produjo por un denso<\/p>\n","protected":false},"author":2,"featured_media":132836,"comment_status":"closed","ping_status":"closed","sticky":false,"template":"","format":"standard","meta":{"_jetpack_memberships_contains_paid_content":false,"footnotes":""},"categories":[14,1],"tags":[],"class_list":["post-132834","post","type-post","status-publish","format-standard","has-post-thumbnail","hentry","category-policiales","category-portada"],"jetpack_featured_media_url":"https:\/\/i0.wp.com\/cdnoticias.com\/wp-content\/uploads\/2024\/12\/accidente-san-nicolas1.jpg?fit=823%2C478&ssl=1","jetpack_sharing_enabled":true,"_links":{"self":[{"href":"https:\/\/cdnoticias.com\/index.php\/wp-json\/wp\/v2\/posts\/132834","targetHints":{"allow":["GET"]}}],"collection":[{"href":"https:\/\/cdnoticias.com\/index.php\/wp-json\/wp\/v2\/posts"}],"about":[{"href":"https:\/\/cdnoticias.com\/index.php\/wp-json\/wp\/v2\/types\/post"}],"author":[{"embeddable":true,"href":"https:\/\/cdnoticias.com\/index.php\/wp-json\/wp\/v2\/users\/2"}],"replies":[{"embeddable":true,"href":"https:\/\/cdnoticias.com\/index.php\/wp-json\/wp\/v2\/comments?post=132834"}],"version-history":[{"count":0,"href":"https:\/\/cdnoticias.com\/index.php\/wp-json\/wp\/v2\/posts\/132834\/revisions"}],"wp:featuredmedia":[{"embeddable":true,"href":"https:\/\/cdnoticias.com\/index.php\/wp-json\/wp\/v2\/media\/132836"}],"wp:attachment":[{"href":"https:\/\/cdnoticias.com\/index.php\/wp-json\/wp\/v2\/media?parent=132834"}],"wp:term":[{"taxonomy":"category","embeddable":true,"href":"https:\/\/cdnoticias.com\/index.php\/wp-json\/wp\/v2\/categories?post=132834"},{"taxonomy":"post_tag","embeddable":true,"href":"https:\/\/cdnoticias.com\/index.php\/wp-json\/wp\/v2\/tags?post=132834"}],"curies":[{"name":"wp","href":"https:\/\/api.w.org\/{rel}","templated":true}]}}