{"id":132827,"date":"2024-12-17T18:46:04","date_gmt":"2024-12-17T21:46:04","guid":{"rendered":"https:\/\/cdnoticias.com\/?p=132827"},"modified":"2024-12-17T18:46:05","modified_gmt":"2024-12-17T21:46:05","slug":"importante-apoyo-de-la-septima-seccion-a-miguel-fernandez-en-una-reunion-en-alvear","status":"publish","type":"post","link":"https:\/\/cdnoticias.com\/index.php\/2024\/12\/17\/importante-apoyo-de-la-septima-seccion-a-miguel-fernandez-en-una-reunion-en-alvear\/","title":{"rendered":"Importante apoyo de la S\u00e9ptima Secci\u00f3n a Miguel Fern\u00e1ndez en una reuni\u00f3n en Alvear"},"content":{"rendered":"\n<p>El flamante titular de la UCR de la Provincia visit\u00f3 el distrito de la secci\u00f3n en un plenario donde hubo participaci\u00f3n de intendentes, legisladores, presidentes de comit\u00e9s distritales, entre otros.<\/p>\n\n\n\n<hr class=\"wp-block-separator aligncenter has-alpha-channel-opacity\"\/>\n\n\n\n<p>Este \u00faltimo lunes lunes se desarroll\u00f3 un <strong>encuentro seccional de la Uni\u00f3n C\u00edvica Radical bonaerense en General Alvear, con la presencia del presidente electo Miguel Fern\u00e1ndez y un fuerte respaldo de intendentes, legisladores, presidentes de comit\u00e9s distritales, ex intendentes, concejales y referentes partidarios.<\/strong><\/p>\n\n\n\n<figure class=\"wp-block-image size-large\"><img data-recalc-dims=\"1\" loading=\"lazy\" decoding=\"async\" width=\"800\" height=\"450\" src=\"https:\/\/i0.wp.com\/cdnoticias.com\/wp-content\/uploads\/2024\/12\/WhatsApp-Image-2024-12-17-at-14.27.29.jpeg?resize=800%2C450&#038;ssl=1\" alt=\"\" class=\"wp-image-132829\" srcset=\"https:\/\/i0.wp.com\/cdnoticias.com\/wp-content\/uploads\/2024\/12\/WhatsApp-Image-2024-12-17-at-14.27.29.jpeg?resize=1024%2C576&amp;ssl=1 1024w, https:\/\/i0.wp.com\/cdnoticias.com\/wp-content\/uploads\/2024\/12\/WhatsApp-Image-2024-12-17-at-14.27.29.jpeg?resize=300%2C169&amp;ssl=1 300w, https:\/\/i0.wp.com\/cdnoticias.com\/wp-content\/uploads\/2024\/12\/WhatsApp-Image-2024-12-17-at-14.27.29.jpeg?resize=768%2C432&amp;ssl=1 768w, https:\/\/i0.wp.com\/cdnoticias.com\/wp-content\/uploads\/2024\/12\/WhatsApp-Image-2024-12-17-at-14.27.29.jpeg?resize=1536%2C864&amp;ssl=1 1536w, https:\/\/i0.wp.com\/cdnoticias.com\/wp-content\/uploads\/2024\/12\/WhatsApp-Image-2024-12-17-at-14.27.29.jpeg?w=1600&amp;ssl=1 1600w\" sizes=\"auto, (max-width: 800px) 100vw, 800px\" \/><\/figure>\n\n\n\n<p>Con un comit\u00e9 colmado,<strong> hicieron uso de la palabra los anfitriones Alberto Figueroa, presidente UCR de Alvear; \u201cTito\u201d Capra, intendente local; Alejandro Cellillo, senador provincial; adem\u00e1s de Alejandra Lord\u00e9n, vicepresidenta de la C\u00e1mara de Diputados y referente seccional;<\/strong> Jos\u00e9 Luis Salom\u00f3n, intendente de Saladillo; Valent\u00edn Miranda, Ariel Mart\u00ednez Bordaisco y Eugenia Gil, legisladores provinciales; y Carlos Fern\u00e1ndez, presidente de la Convenci\u00f3n Provincial.<\/p>\n\n\n\n<p>Por otra parte, <strong>toc\u00f3 el turno de cada uno de los distritos en dar un pantallazo pol\u00edtico local, seccional y provincial. <\/strong>As\u00ed fue el turno de Emilia Palomino (presidente UCR Bol\u00edvar), Agust\u00edn Puyou (presidente UCR Azul), Carola Ruiz (presidente UCR Roque P\u00e9rez), Bruno Etchegaray (presidente UCR Tapalqu\u00e9), Marcos Macagno (presidente UCR Saladillo), Antonela D\u00edaz (secretaria UCR Olavarr\u00eda) y Horacio Canull\u00e1n (referente UCR 25 de Mayo).<\/p>\n\n\n\n<figure class=\"wp-block-image size-large\"><img data-recalc-dims=\"1\" loading=\"lazy\" decoding=\"async\" width=\"800\" height=\"533\" src=\"https:\/\/i0.wp.com\/cdnoticias.com\/wp-content\/uploads\/2024\/12\/WhatsApp-Image-2024-12-17-at-14.27.29-1.jpeg?resize=800%2C533&#038;ssl=1\" alt=\"\" class=\"wp-image-132828\" srcset=\"https:\/\/i0.wp.com\/cdnoticias.com\/wp-content\/uploads\/2024\/12\/WhatsApp-Image-2024-12-17-at-14.27.29-1.jpeg?resize=1024%2C682&amp;ssl=1 1024w, https:\/\/i0.wp.com\/cdnoticias.com\/wp-content\/uploads\/2024\/12\/WhatsApp-Image-2024-12-17-at-14.27.29-1.jpeg?resize=300%2C200&amp;ssl=1 300w, https:\/\/i0.wp.com\/cdnoticias.com\/wp-content\/uploads\/2024\/12\/WhatsApp-Image-2024-12-17-at-14.27.29-1.jpeg?resize=768%2C512&amp;ssl=1 768w, https:\/\/i0.wp.com\/cdnoticias.com\/wp-content\/uploads\/2024\/12\/WhatsApp-Image-2024-12-17-at-14.27.29-1.jpeg?resize=1536%2C1023&amp;ssl=1 1536w, https:\/\/i0.wp.com\/cdnoticias.com\/wp-content\/uploads\/2024\/12\/WhatsApp-Image-2024-12-17-at-14.27.29-1.jpeg?resize=272%2C182&amp;ssl=1 272w, https:\/\/i0.wp.com\/cdnoticias.com\/wp-content\/uploads\/2024\/12\/WhatsApp-Image-2024-12-17-at-14.27.29-1.jpeg?w=1600&amp;ssl=1 1600w\" sizes=\"auto, (max-width: 800px) 100vw, 800px\" \/><\/figure>\n\n\n\n<p><strong>El cierre estuvo a cargo de Miguel Fern\u00e1ndez, flamante presidente del Comit\u00e9 provincia.<\/strong> El ex intendente de Trenque Lauquen plante\u00f3 una hoja de ruta y plan de acci\u00f3n que encarar\u00e1 desde la presidencia, haciendo un fuerte hincapi\u00e9 en el trabajo territorial, cooperando muy fuertemente con los distritos y secciones buscando <strong>fortalecer el partido de cara a las elecciones legislativas del 2025.<\/strong><\/p>\n","protected":false},"excerpt":{"rendered":"<p>El flamante titular de la UCR de la Provincia visit\u00f3 el distrito de la secci\u00f3n en un plenario donde hubo<\/p>\n","protected":false},"author":2,"featured_media":132830,"comment_status":"closed","ping_status":"closed","sticky":false,"template":"","format":"standard","meta":{"_jetpack_memberships_contains_paid_content":false,"footnotes":""},"categories":[4,1],"tags":[],"class_list":["post-132827","post","type-post","status-publish","format-standard","has-post-thumbnail","hentry","category-politica","category-portada"],"jetpack_featured_media_url":"https:\/\/i0.wp.com\/cdnoticias.com\/wp-content\/uploads\/2024\/12\/WhatsApp-Image-2024-12-17-at-14.27.28.jpeg?fit=1600%2C1066&ssl=1","jetpack_sharing_enabled":true,"_links":{"self":[{"href":"https:\/\/cdnoticias.com\/index.php\/wp-json\/wp\/v2\/posts\/132827","targetHints":{"allow":["GET"]}}],"collection":[{"href":"https:\/\/cdnoticias.com\/index.php\/wp-json\/wp\/v2\/posts"}],"about":[{"href":"https:\/\/cdnoticias.com\/index.php\/wp-json\/wp\/v2\/types\/post"}],"author":[{"embeddable":true,"href":"https:\/\/cdnoticias.com\/index.php\/wp-json\/wp\/v2\/users\/2"}],"replies":[{"embeddable":true,"href":"https:\/\/cdnoticias.com\/index.php\/wp-json\/wp\/v2\/comments?post=132827"}],"version-history":[{"count":0,"href":"https:\/\/cdnoticias.com\/index.php\/wp-json\/wp\/v2\/posts\/132827\/revisions"}],"wp:featuredmedia":[{"embeddable":true,"href":"https:\/\/cdnoticias.com\/index.php\/wp-json\/wp\/v2\/media\/132830"}],"wp:attachment":[{"href":"https:\/\/cdnoticias.com\/index.php\/wp-json\/wp\/v2\/media?parent=132827"}],"wp:term":[{"taxonomy":"category","embeddable":true,"href":"https:\/\/cdnoticias.com\/index.php\/wp-json\/wp\/v2\/categories?post=132827"},{"taxonomy":"post_tag","embeddable":true,"href":"https:\/\/cdnoticias.com\/index.php\/wp-json\/wp\/v2\/tags?post=132827"}],"curies":[{"name":"wp","href":"https:\/\/api.w.org\/{rel}","templated":true}]}}