{"id":132802,"date":"2024-12-19T17:01:06","date_gmt":"2024-12-19T20:01:06","guid":{"rendered":"https:\/\/cdnoticias.com\/?p=132802"},"modified":"2024-12-19T17:01:07","modified_gmt":"2024-12-19T20:01:07","slug":"insurgente-festeja-19-anos-con-un-evento-autogestivo","status":"publish","type":"post","link":"https:\/\/cdnoticias.com\/index.php\/2024\/12\/19\/insurgente-festeja-19-anos-con-un-evento-autogestivo\/","title":{"rendered":"Insurgente festeja 19 a\u00f1os con un evento autogestivo"},"content":{"rendered":"\n<p>Ser\u00e1 este s\u00e1bado 21 con acceso libre y gratuito. Conoc\u00e9 el cronograma completo.<\/p>\n\n\n\n<hr class=\"wp-block-separator aligncenter has-alpha-channel-opacity\"\/>\n\n\n\n<p>Este <strong>s\u00e1bado 21 de diciembre<\/strong>, a partir de las 18 horas,<strong> Insurgente festeja sus primeros 19 a\u00f1os de existencia<\/strong> con una <strong>celebraci\u00f3n abierta a toda la comunidad.\u00a0<\/strong><\/p>\n\n\n\n<p><\/p>\n\n\n\n<p>Con acceso libre y gratuito, el cumplea\u00f1os contar\u00e1 con variadas propuestas en la casa de Belgrano 3345, sede del espacio cultural independiente y autogestivo que abri\u00f3 sus puertas a finales del 2005.&nbsp;<\/p>\n\n\n\n<p><\/p>\n\n\n\n<blockquote class=\"wp-block-quote is-layout-flow wp-block-quote-is-layout-flow\">\n<p>Habr\u00e1 feria de artesanos, tango, teatro, canto, banda musical, poes\u00eda, cortometrajes, muestras de talleres, karaoke y algunas sorpresitas. Durante el evento, funcionar\u00e1 un micr\u00f3fono libre y servicio de cantina.\u00a0\u00a0 Asimismo, podr\u00e1n visitarse la feria de artesan\u00edas y las instalaciones creadas por el Taller Deseo, coordinado por Ana Clara.\u00a0\u00a0<\/p>\n<\/blockquote>\n\n\n\n<p><\/p>\n\n\n\n<p>Las participaciones programadas para el evento incluyen:\u00a0 Tangos del taller El Enrosque Tango Club, dirigido por Lorena Zambelis ;Proyecci\u00f3n de cortos a cargo de Sebasti\u00e1n Magallanes ;Mon\u00f3logo estreno de Edgardo Zouza ;Stand Up, nueva rutina, por JP Go\u00f1i Capurro ;Lecturas del Laboratorio de Escritura coordinado por Ail\u00e9n D\u2019Amico ;Teatro con Victoria Reyes Benz y Fioronixx; Cantar\u00e1n M\u00f3nica Badoglio y Paloma Carlos.<\/p>\n\n\n\n<p><\/p>\n\n\n\n<p>Por \u00faltimo, tocar\u00e1 la banda Montegrave y para el cierre de la fiesta de cumplea\u00f1os habr\u00e1 karaoke.<\/p>\n","protected":false},"excerpt":{"rendered":"<p>Ser\u00e1 este s\u00e1bado 21 con acceso libre y gratuito. Conoc\u00e9 el cronograma completo. Este s\u00e1bado 21 de diciembre, a partir<\/p>\n","protected":false},"author":6,"featured_media":76954,"comment_status":"closed","ping_status":"closed","sticky":false,"template":"","format":"standard","meta":{"_jetpack_memberships_contains_paid_content":false,"footnotes":""},"categories":[9,1],"tags":[],"class_list":["post-132802","post","type-post","status-publish","format-standard","has-post-thumbnail","hentry","category-cultura","category-portada"],"jetpack_featured_media_url":"https:\/\/i0.wp.com\/cdnoticias.com\/wp-content\/uploads\/2023\/02\/insurgente-frente.jpg?fit=1599%2C889&ssl=1","jetpack_sharing_enabled":true,"_links":{"self":[{"href":"https:\/\/cdnoticias.com\/index.php\/wp-json\/wp\/v2\/posts\/132802","targetHints":{"allow":["GET"]}}],"collection":[{"href":"https:\/\/cdnoticias.com\/index.php\/wp-json\/wp\/v2\/posts"}],"about":[{"href":"https:\/\/cdnoticias.com\/index.php\/wp-json\/wp\/v2\/types\/post"}],"author":[{"embeddable":true,"href":"https:\/\/cdnoticias.com\/index.php\/wp-json\/wp\/v2\/users\/6"}],"replies":[{"embeddable":true,"href":"https:\/\/cdnoticias.com\/index.php\/wp-json\/wp\/v2\/comments?post=132802"}],"version-history":[{"count":0,"href":"https:\/\/cdnoticias.com\/index.php\/wp-json\/wp\/v2\/posts\/132802\/revisions"}],"wp:featuredmedia":[{"embeddable":true,"href":"https:\/\/cdnoticias.com\/index.php\/wp-json\/wp\/v2\/media\/76954"}],"wp:attachment":[{"href":"https:\/\/cdnoticias.com\/index.php\/wp-json\/wp\/v2\/media?parent=132802"}],"wp:term":[{"taxonomy":"category","embeddable":true,"href":"https:\/\/cdnoticias.com\/index.php\/wp-json\/wp\/v2\/categories?post=132802"},{"taxonomy":"post_tag","embeddable":true,"href":"https:\/\/cdnoticias.com\/index.php\/wp-json\/wp\/v2\/tags?post=132802"}],"curies":[{"name":"wp","href":"https:\/\/api.w.org\/{rel}","templated":true}]}}