{"id":132769,"date":"2024-12-21T17:08:54","date_gmt":"2024-12-21T20:08:54","guid":{"rendered":"https:\/\/cdnoticias.com\/?p=132769"},"modified":"2024-12-21T17:08:56","modified_gmt":"2024-12-21T20:08:56","slug":"fiestas-de-fin-de-ano-asueto-en-coopelectric","status":"publish","type":"post","link":"https:\/\/cdnoticias.com\/index.php\/2024\/12\/21\/fiestas-de-fin-de-ano-asueto-en-coopelectric\/","title":{"rendered":"Fiestas de Fin de A\u00f1o: asueto en Coopelectric"},"content":{"rendered":"\n<p>Se dispuso para los d\u00edas 24 y 31 de diciembre. Las guardias funcionar\u00e1n con normalidad.<\/p>\n\n\n\n<hr class=\"wp-block-separator has-alpha-channel-opacity\"\/>\n\n\n\n<p>Con motivo de la celebraci\u00f3n de las fiestas de <strong>Navidad y A\u00f1o Nuevo,<\/strong> el Consejo de Administraci\u00f3n de Coopelectric dispuso otorgar asueto<strong> los d\u00edas 24 y 31 de diciembre.<\/strong><\/p>\n\n\n\n<p><\/p>\n\n\n\n<p>Por tal motivo, la sede administrativa ubicada en Belgrano 2850, la Oficina T\u00e9cnica de Obras Sanitarias situada en Av. Del Valle y Av. Pellegrini, la Oficina T\u00e9cnica de Energ\u00eda El\u00e9ctrica que funciona en Pelegrino y Maip\u00fa y las Delegaciones, permanecer\u00e1n cerradas y sin atenci\u00f3n al p\u00fablico.<\/p>\n\n\n\n<p><\/p>\n\n\n\n<p>No obstante, <strong>las guardias de los sectores operativos funcionar\u00e1n con normalidad.<\/strong> Por reclamos t\u00e9cnicos de Energ\u00eda El\u00e9ctrica los usuarios podr\u00e1n comunicarse durante las 24 horas al 412305 y por reclamos t\u00e9cnicos de Obras Sanitarias al 411222. En ambos casos tambi\u00e9n podr\u00e1n enviar un mensaje de texto al 15-680000 o ingresar el reclamo v\u00eda WhastsApp 2284-230707.<\/p>\n\n\n\n<p><\/p>\n\n\n\n<p>Recordemos que el Municipio de Olavarr\u00eda tambi\u00e9n dispuso jornadas de asueto administrativo para el personal municipal con motivo de las v\u00edsperas de las fiestas de a\u00f1o nuevo.<\/p>\n","protected":false},"excerpt":{"rendered":"<p>Se dispuso para los d\u00edas 24 y 31 de diciembre. Las guardias funcionar\u00e1n con normalidad. Con motivo de la celebraci\u00f3n<\/p>\n","protected":false},"author":5,"featured_media":453,"comment_status":"closed","ping_status":"closed","sticky":false,"template":"","format":"standard","meta":{"_jetpack_memberships_contains_paid_content":false,"footnotes":""},"categories":[5,1],"tags":[],"class_list":["post-132769","post","type-post","status-publish","format-standard","has-post-thumbnail","hentry","category-informacion-general","category-portada"],"jetpack_featured_media_url":"https:\/\/i0.wp.com\/cdnoticias.com\/wp-content\/uploads\/2020\/09\/DSC_8512.jpg?fit=4608%2C3072&ssl=1","jetpack_sharing_enabled":true,"_links":{"self":[{"href":"https:\/\/cdnoticias.com\/index.php\/wp-json\/wp\/v2\/posts\/132769","targetHints":{"allow":["GET"]}}],"collection":[{"href":"https:\/\/cdnoticias.com\/index.php\/wp-json\/wp\/v2\/posts"}],"about":[{"href":"https:\/\/cdnoticias.com\/index.php\/wp-json\/wp\/v2\/types\/post"}],"author":[{"embeddable":true,"href":"https:\/\/cdnoticias.com\/index.php\/wp-json\/wp\/v2\/users\/5"}],"replies":[{"embeddable":true,"href":"https:\/\/cdnoticias.com\/index.php\/wp-json\/wp\/v2\/comments?post=132769"}],"version-history":[{"count":0,"href":"https:\/\/cdnoticias.com\/index.php\/wp-json\/wp\/v2\/posts\/132769\/revisions"}],"wp:featuredmedia":[{"embeddable":true,"href":"https:\/\/cdnoticias.com\/index.php\/wp-json\/wp\/v2\/media\/453"}],"wp:attachment":[{"href":"https:\/\/cdnoticias.com\/index.php\/wp-json\/wp\/v2\/media?parent=132769"}],"wp:term":[{"taxonomy":"category","embeddable":true,"href":"https:\/\/cdnoticias.com\/index.php\/wp-json\/wp\/v2\/categories?post=132769"},{"taxonomy":"post_tag","embeddable":true,"href":"https:\/\/cdnoticias.com\/index.php\/wp-json\/wp\/v2\/tags?post=132769"}],"curies":[{"name":"wp","href":"https:\/\/api.w.org\/{rel}","templated":true}]}}