{"id":132754,"date":"2024-12-16T20:29:50","date_gmt":"2024-12-16T23:29:50","guid":{"rendered":"https:\/\/cdnoticias.com\/?p=132754"},"modified":"2024-12-16T20:58:58","modified_gmt":"2024-12-16T23:58:58","slug":"federico-aguilera-sera-intendente-interino-por-licencia-de-maximiliano-wesner","status":"publish","type":"post","link":"https:\/\/cdnoticias.com\/index.php\/2024\/12\/16\/federico-aguilera-sera-intendente-interino-por-licencia-de-maximiliano-wesner\/","title":{"rendered":"Federico Aguilera ser\u00e1 intendente interino por licencia de Maximiliano Wesner"},"content":{"rendered":"\n<p>Ser\u00e1 tratado en el HCD este martes por la ma\u00f1ana. Ser\u00e1 a fines de enero e inicios de febrero. Jorge Garaiz reemplazar\u00e1 a Aguilera en el HCD.<\/p>\n\n\n\n<hr class=\"wp-block-separator aligncenter has-alpha-channel-opacity\"\/>\n\n\n\n<p>En el marco de la sesi\u00f3n extraordinaria del HCD de este martes por la ma\u00f1ana,<strong> el concejal Federico Aguilera ser\u00e1 intendente interino luego de una solicitud de licencia por parte del jefe comunal Maximiliano Wesner.<\/strong><\/p>\n\n\n\n<p>Ser\u00e1, seg\u00fan se indic\u00f3 en la orden del d\u00eda, <strong>del 20 de enero al 2 de febrero de 2025 inclusive.<\/strong><\/p>\n\n\n\n<p>Para ello, <strong>Aguilera deber\u00e1 tomarse licencia en el HCD.<\/strong> Cabe se\u00f1alar que es el reemplazo de Wesner por haber sido el primer candidato a concejal en la lista que consagr\u00f3 al actual jefe comunal representando a Uni\u00f3n por la Patria.<\/p>\n\n\n\n<p>En tanto, <strong>se incorporar\u00e1 como concejal electo suplente Jorge Garaiz<\/strong> (actual director del \u00e1rea de Defensa al Consumidor) por la fecha de la licencia de Wesner.<\/p>\n\n\n\n<p><\/p>\n","protected":false},"excerpt":{"rendered":"<p>Ser\u00e1 tratado en el HCD este martes por la ma\u00f1ana. Ser\u00e1 a fines de enero e inicios de febrero. Jorge<\/p>\n","protected":false},"author":2,"featured_media":122477,"comment_status":"closed","ping_status":"closed","sticky":false,"template":"","format":"standard","meta":{"_jetpack_memberships_contains_paid_content":false,"footnotes":""},"categories":[4,1],"tags":[],"class_list":["post-132754","post","type-post","status-publish","format-standard","has-post-thumbnail","hentry","category-politica","category-portada"],"jetpack_featured_media_url":"https:\/\/i0.wp.com\/cdnoticias.com\/wp-content\/uploads\/2024\/08\/HCD-federico-aguilera-02.jpg?fit=800%2C445&ssl=1","jetpack_sharing_enabled":true,"_links":{"self":[{"href":"https:\/\/cdnoticias.com\/index.php\/wp-json\/wp\/v2\/posts\/132754","targetHints":{"allow":["GET"]}}],"collection":[{"href":"https:\/\/cdnoticias.com\/index.php\/wp-json\/wp\/v2\/posts"}],"about":[{"href":"https:\/\/cdnoticias.com\/index.php\/wp-json\/wp\/v2\/types\/post"}],"author":[{"embeddable":true,"href":"https:\/\/cdnoticias.com\/index.php\/wp-json\/wp\/v2\/users\/2"}],"replies":[{"embeddable":true,"href":"https:\/\/cdnoticias.com\/index.php\/wp-json\/wp\/v2\/comments?post=132754"}],"version-history":[{"count":0,"href":"https:\/\/cdnoticias.com\/index.php\/wp-json\/wp\/v2\/posts\/132754\/revisions"}],"wp:featuredmedia":[{"embeddable":true,"href":"https:\/\/cdnoticias.com\/index.php\/wp-json\/wp\/v2\/media\/122477"}],"wp:attachment":[{"href":"https:\/\/cdnoticias.com\/index.php\/wp-json\/wp\/v2\/media?parent=132754"}],"wp:term":[{"taxonomy":"category","embeddable":true,"href":"https:\/\/cdnoticias.com\/index.php\/wp-json\/wp\/v2\/categories?post=132754"},{"taxonomy":"post_tag","embeddable":true,"href":"https:\/\/cdnoticias.com\/index.php\/wp-json\/wp\/v2\/tags?post=132754"}],"curies":[{"name":"wp","href":"https:\/\/api.w.org\/{rel}","templated":true}]}}