{"id":132731,"date":"2024-12-16T17:09:16","date_gmt":"2024-12-16T20:09:16","guid":{"rendered":"https:\/\/cdnoticias.com\/?p=132731"},"modified":"2024-12-16T20:33:09","modified_gmt":"2024-12-16T23:33:09","slug":"intento-escaparse-con-un-complice-de-la-unidad-27-y-fue-atrapado-en-ruta-226","status":"publish","type":"post","link":"https:\/\/cdnoticias.com\/index.php\/2024\/12\/16\/intento-escaparse-con-un-complice-de-la-unidad-27-y-fue-atrapado-en-ruta-226\/","title":{"rendered":"Intent\u00f3 escaparse con un c\u00f3mplice de la Unidad 27 y fue atrapado en ruta 226"},"content":{"rendered":"\n<p>Hubo un operativo cerrojo en plena autov\u00eda de la ruta nacional, y fue atrapado en cercan\u00edas con el cruce de ruta 51.<\/p>\n\n\n\n<hr class=\"wp-block-separator aligncenter has-alpha-channel-opacity\"\/>\n\n\n\n<p><em>Foto e informaci\u00f3n: gentileza El Tiempo de Azul<\/em><\/p>\n\n\n\n<p>Este lunes,<strong> efectivos de la SubDDI local en conjunto con varias fuerzas locales lograron frustrar la fuga de un interno de la Unidad 27 \u2013de r\u00e9gimen abierto- de Sierra Chica y adem\u00e1s detener a un c\u00f3mplice que colabor\u00f3 con el escape a bordo de un veh\u00edculo que fue secuestrado.<\/strong><\/p>\n\n\n\n<p>Seg\u00fan se logr\u00f3 saber, fue en horas de la ma\u00f1ana cuando el joven, de 27 a\u00f1os, estaba alojado en la Unidad 27 a la espera de un cupo para volver a la causa. Fue condenado en Lomas de Zamora por <strong><em>&#8220;robo calificado mediante su comisi\u00f3n por el uso de arma de fuego reiterado (dos hechos) y homicidio calificado criminis causa en grado de tentativa, agravado gen\u00e9ricamente por su comisi\u00f3n mediante el uso de arma de fuego&#8221;<\/em><\/strong>, il\u00edcitos todos cometidos &#8220;en concurso real entre s\u00ed&#8221;. <strong>La condena finalizaba en 2029. <\/strong><\/p>\n\n\n\n<p>Lo concreto es que se cree que un c\u00f3mplice, a bordo de un Chevrolet Corsa Classic,<strong> esper\u00f3 al joven identificado como Mart\u00edn Rojo Reynoso y escaparon por ruta 226.<\/strong><\/p>\n\n\n\n<figure class=\"wp-block-image size-full\"><img data-recalc-dims=\"1\" loading=\"lazy\" decoding=\"async\" width=\"800\" height=\"450\" src=\"https:\/\/i0.wp.com\/cdnoticias.com\/wp-content\/uploads\/2024\/12\/1734370276.jpeg?resize=800%2C450&#038;ssl=1\" alt=\"\" class=\"wp-image-132733\" srcset=\"https:\/\/i0.wp.com\/cdnoticias.com\/wp-content\/uploads\/2024\/12\/1734370276.jpeg?w=948&amp;ssl=1 948w, https:\/\/i0.wp.com\/cdnoticias.com\/wp-content\/uploads\/2024\/12\/1734370276.jpeg?resize=300%2C169&amp;ssl=1 300w, https:\/\/i0.wp.com\/cdnoticias.com\/wp-content\/uploads\/2024\/12\/1734370276.jpeg?resize=768%2C432&amp;ssl=1 768w\" sizes=\"auto, (max-width: 800px) 100vw, 800px\" \/><\/figure>\n\n\n\n<p>Tras detectar esta situaci\u00f3n, <strong>tanto el Servicio Penitenciario como personal policial y de Azul realizaron un operativo cerrojo para interceptar el auto y atrapar al interno fugado. <\/strong>Efectivos de las Departamentales de Azul y Olavarr\u00eda, as\u00ed como DDI y Patrulla Rural colaboraron con el operativo.<\/p>\n\n\n\n<p>En la b\u00fasqueda, fueron informados que<strong> hab\u00edan pasado por el peaje de Hinojo evadiendo el pago y continuaron por la autov\u00eda de ruta 226 en direcci\u00f3n a Azul.<\/strong><\/p>\n\n\n\n<p><strong>A pocos metros de la rotonda del cruce de la ruta nacional 226 y provincial 51 es que finalmente fueron interceptados y detenidos. <\/strong>Tanto el pr\u00f3fugo y el c\u00f3mplice -que termin\u00f3 aprehendido- fueron trasladados a la sede de la DDI de Azul.<\/p>\n\n\n\n<p>Por lo sucedido<strong> se iniciaron actuaciones penales que iban a quedar radicadas en la Fiscal\u00eda de Delitos Carcelarios<\/strong>, a cargo del ayudante fiscal Juan Agust\u00edn Ma\u00f1ero.<\/p>\n","protected":false},"excerpt":{"rendered":"<p>Hubo un operativo cerrojo en plena autov\u00eda de la ruta nacional, y fue atrapado en cercan\u00edas con el cruce de<\/p>\n","protected":false},"author":2,"featured_media":132732,"comment_status":"closed","ping_status":"closed","sticky":false,"template":"","format":"standard","meta":{"_jetpack_memberships_contains_paid_content":false,"footnotes":""},"categories":[14,1],"tags":[],"class_list":["post-132731","post","type-post","status-publish","format-standard","has-post-thumbnail","hentry","category-policiales","category-portada"],"jetpack_featured_media_url":"https:\/\/i0.wp.com\/cdnoticias.com\/wp-content\/uploads\/2024\/12\/1734370322.jpeg?fit=948%2C533&ssl=1","jetpack_sharing_enabled":true,"_links":{"self":[{"href":"https:\/\/cdnoticias.com\/index.php\/wp-json\/wp\/v2\/posts\/132731","targetHints":{"allow":["GET"]}}],"collection":[{"href":"https:\/\/cdnoticias.com\/index.php\/wp-json\/wp\/v2\/posts"}],"about":[{"href":"https:\/\/cdnoticias.com\/index.php\/wp-json\/wp\/v2\/types\/post"}],"author":[{"embeddable":true,"href":"https:\/\/cdnoticias.com\/index.php\/wp-json\/wp\/v2\/users\/2"}],"replies":[{"embeddable":true,"href":"https:\/\/cdnoticias.com\/index.php\/wp-json\/wp\/v2\/comments?post=132731"}],"version-history":[{"count":0,"href":"https:\/\/cdnoticias.com\/index.php\/wp-json\/wp\/v2\/posts\/132731\/revisions"}],"wp:featuredmedia":[{"embeddable":true,"href":"https:\/\/cdnoticias.com\/index.php\/wp-json\/wp\/v2\/media\/132732"}],"wp:attachment":[{"href":"https:\/\/cdnoticias.com\/index.php\/wp-json\/wp\/v2\/media?parent=132731"}],"wp:term":[{"taxonomy":"category","embeddable":true,"href":"https:\/\/cdnoticias.com\/index.php\/wp-json\/wp\/v2\/categories?post=132731"},{"taxonomy":"post_tag","embeddable":true,"href":"https:\/\/cdnoticias.com\/index.php\/wp-json\/wp\/v2\/tags?post=132731"}],"curies":[{"name":"wp","href":"https:\/\/api.w.org\/{rel}","templated":true}]}}