{"id":132716,"date":"2024-12-17T08:24:28","date_gmt":"2024-12-17T11:24:28","guid":{"rendered":"https:\/\/cdnoticias.com\/?p=132716"},"modified":"2024-12-17T11:21:37","modified_gmt":"2024-12-17T14:21:37","slug":"inmobiliario-rural-una-productora-azulena-impulsa-un-amparo-contra-la-suba","status":"publish","type":"post","link":"https:\/\/cdnoticias.com\/index.php\/2024\/12\/17\/inmobiliario-rural-una-productora-azulena-impulsa-un-amparo-contra-la-suba\/","title":{"rendered":"Inmobiliario Rural: una productora azule\u00f1a impulsa un amparo contra la suba"},"content":{"rendered":"<p>Se trata de Cristina Boubee. Los recursos judiciales fueron presentados por alrededor de 60 ruralistas. Cuestionaron que el incremento lleg\u00f3 a 700%. El conflicto viene desde principios de a\u00f1o.<!--more--><\/p>\n<hr \/>\n<p><strong>Productores bonaerenses presentaron ocho amparos judiciales<\/strong> en contra del <strong>aumento del Impuesto Inmobiliario Rural<\/strong> que, en muchos casos, en <strong>la \u00faltima cuota super\u00f3 el 100%<\/strong> respecto del pago anterior establecido por el gobierno de Axel Kicillof.<\/p>\n<p>La iniciativa fue <strong>impulsada por Cristina Boubee, una productora ganadera de Azul<\/strong>, con el respaldo de ruralistas del norte de la provincia, y apunta a lo que califican como un <strong>ajuste \u201cdesmedido\u201d<\/strong>.<\/p>\n<p><a href=\"https:\/\/cdnoticias.com\/index.php\/2023\/12\/28\/preocupacion-desde-carbap-por-los-posibles-aumentos-del-impuesto-inmobiliario\/\" target=\"_blank\" rel=\"noopener\">El conflicto, en rigor, viene desde comienzos de a\u00f1o<\/a>, cuando la <strong>Agencia de Recaudaci\u00f3n de la Provincia de Buenos Aires (ARBA) mand\u00f3 boletas con hasta un 300% y 400%<\/strong>, siendo que en la Legislatura se hab\u00edan puesto topes del 200%. En algunos casos se report\u00f3 <strong>hasta de un 700% de incremento<\/strong>.<\/p>\n<blockquote class=\"wp-embedded-content\" data-secret=\"6ryWahqwji\"><p><a href=\"https:\/\/cdnoticias.com\/index.php\/2024\/04\/11\/matrella-sobre-el-impuesto-inmobiliario-rural-estamos-frente-a-un-impuestazo-de-la-provincia\/\">Matrella sobre el Impuesto Inmobiliario Rural: \u201cEstamos frente a un impuestazo de la Provincia\u201d<\/a><\/p><\/blockquote>\n<p><iframe loading=\"lazy\" class=\"wp-embedded-content\" sandbox=\"allow-scripts\" security=\"restricted\" style=\"position: absolute; visibility: hidden;\" title=\"&#8220;Matrella sobre el Impuesto Inmobiliario Rural: \u201cEstamos frente a un impuestazo de la Provincia\u201d&#8221; &#8212; Central de Noticias | Olavarr\u00eda\" src=\"https:\/\/cdnoticias.com\/index.php\/2024\/04\/11\/matrella-sobre-el-impuesto-inmobiliario-rural-estamos-frente-a-un-impuestazo-de-la-provincia\/embed\/#?secret=9NcMAv7X0T#?secret=6ryWahqwji\" data-secret=\"6ryWahqwji\" width=\"600\" height=\"338\" frameborder=\"0\" marginwidth=\"0\" marginheight=\"0\" scrolling=\"no\"><\/iframe><\/p>\n<p><strong>Florencia Bros, abogada y parte del equipo t\u00e9cnico de la senadora provincial Florencia Arietto (LLA)<\/strong>, quienes patrocinan a los productores afectados, explic\u00f3 a La Naci\u00f3n que son<strong> ocho los amparos presentados<\/strong> en ocho departamentos judiciales. Involucran a <strong>60 productores en total<\/strong>. Aunque en esta instancia <em>no se sumaron m\u00e1s participantes por problemas de documentaci\u00f3n<\/em>, hay una amplia expectativa de continuar con las adhesiones, en funci\u00f3n del desarrollo del procedimiento legal.<\/p>\n<blockquote><p>\u201cHay que ver c\u00f3mo sigue, depende de cada uno de los juzgados que han recibido estos amparos. Por un tema de plazo no est\u00e1n sumando m\u00e1s gente, pero en funci\u00f3n de c\u00f3mo se vaya desarrollando todo van a ir sumando m\u00e1s. Hubo bastante consultas y por diferentes motivos no se sumaron algunos, porque no encontraron la documentaci\u00f3n\u201d, dijo Bros.<\/p><\/blockquote>\n<figure id=\"attachment_132718\" aria-describedby=\"caption-attachment-132718\" style=\"width: 900px\" class=\"wp-caption aligncenter\"><img data-recalc-dims=\"1\" loading=\"lazy\" decoding=\"async\" class=\"wp-image-132718 size-full\" src=\"https:\/\/i0.wp.com\/cdnoticias.com\/wp-content\/uploads\/2024\/12\/cristina-boubee-azul-La-Nacion.jpg?resize=800%2C444&#038;ssl=1\" alt=\"\" width=\"800\" height=\"444\" srcset=\"https:\/\/i0.wp.com\/cdnoticias.com\/wp-content\/uploads\/2024\/12\/cristina-boubee-azul-La-Nacion.jpg?w=900&amp;ssl=1 900w, https:\/\/i0.wp.com\/cdnoticias.com\/wp-content\/uploads\/2024\/12\/cristina-boubee-azul-La-Nacion.jpg?resize=300%2C167&amp;ssl=1 300w, https:\/\/i0.wp.com\/cdnoticias.com\/wp-content\/uploads\/2024\/12\/cristina-boubee-azul-La-Nacion.jpg?resize=768%2C427&amp;ssl=1 768w, https:\/\/i0.wp.com\/cdnoticias.com\/wp-content\/uploads\/2024\/12\/cristina-boubee-azul-La-Nacion.jpg?resize=800%2C445&amp;ssl=1 800w\" sizes=\"auto, (max-width: 800px) 100vw, 800px\" \/><figcaption id=\"caption-attachment-132718\" class=\"wp-caption-text\">Cristina Boubee, una de las denunciantes. Foto: La Naci\u00f3n.<\/figcaption><\/figure>\n<p>Boubee destac\u00f3 el esfuerzo en conjunto con la <strong>agrupaci\u00f3n \u201cSoluciones de campo\u201d<\/strong>, que form\u00f3 hace dos a\u00f1os, y que hoy integran 180 productores. No obstante, se\u00f1al\u00f3 que toda la movida se ha realizado pese a la falta de respaldo de entidades gremiales.<\/p>\n<p>Hubo casos en Mar del Plata donde los aumentos alcanzaron hasta el 800%, mientras que <strong>en Azul, Jun\u00edn y Z\u00e1rate lograron reducir algunas subas al 50%.<\/strong><\/p>\n<blockquote class=\"wp-embedded-content\" data-secret=\"d8onEns9jj\"><p><a href=\"https:\/\/cdnoticias.com\/index.php\/2024\/03\/25\/la-sro-rechazo-la-suba-del-impuesto-inmobiliario-rural-confiscatorio\/\">La SRO rechaz\u00f3 la suba del Impuesto Inmobiliario Rural: \u201cconfiscatorio\u201d<\/a><\/p><\/blockquote>\n<p><iframe loading=\"lazy\" class=\"wp-embedded-content\" sandbox=\"allow-scripts\" security=\"restricted\" style=\"position: absolute; visibility: hidden;\" title=\"&#8220;La SRO rechaz\u00f3 la suba del Impuesto Inmobiliario Rural: \u201cconfiscatorio\u201d&#8221; &#8212; Central de Noticias | Olavarr\u00eda\" src=\"https:\/\/cdnoticias.com\/index.php\/2024\/03\/25\/la-sro-rechazo-la-suba-del-impuesto-inmobiliario-rural-confiscatorio\/embed\/#?secret=AGlxDeNvyb#?secret=d8onEns9jj\" data-secret=\"d8onEns9jj\" width=\"600\" height=\"338\" frameborder=\"0\" marginwidth=\"0\" marginheight=\"0\" scrolling=\"no\"><\/iframe><\/p>\n<p>\u201cCost\u00f3 much\u00edsimo porque ninguna entidad trabaj\u00f3 en favor nuestro; todos estaban en contra y dec\u00edan que el amparo no sirve. Gremialmente, todo sirve y<strong> estamos trabajando para esta semana juntar otros 100 para que esto siga aumentando d\u00eda a d\u00eda y que Kicillof frene todo este tema<\/strong>. Es imposible sobre todo a la gente que le subi\u00f3 m\u00e1s de 100% [el aumento]. Hubo gente a la que le subi\u00f3 en la zona de Mar del Plata hasta el 700% u 800% en la \u00faltima cuota\u201d, enumer\u00f3.<\/p>\n<blockquote><p>\u201cFalta presentar hasta que lleguemos a otros 100 y seguir en esta lucha sin parar. Hay much\u00edsimos otros que no est\u00e1n pagando y que no vamos a pagar nada hasta ver qu\u00e9 pasa con este amparo. Si nos tienen que imputar, nos imputar\u00e1n. Seguiremos adelante, pase lo que pase. No le vamos a financiar la carrera pol\u00edtica a Kicillof hasta el a\u00f1o que viene\u201d, observ\u00f3.<\/p><\/blockquote>\n<p>Por \u00faltimo, la letrada sostuvo que est\u00e1n conforme con el n\u00famero de productores que se presentaron para llevar adelante el amparo.<em> \u201cEntendemos que para una primera presentaci\u00f3n es un n\u00famero m\u00e1s que importante. La idea es presentar en conjunto [el amparo]\u201d<\/em>, cerr\u00f3.<\/p>\n<p>Fuente: <em>La Naci\u00f3n<\/em><\/p>\n<blockquote class=\"wp-embedded-content\" data-secret=\"s1l53sIhF2\"><p><a href=\"https:\/\/cdnoticias.com\/index.php\/2024\/03\/22\/autoconvocados-de-olavarria-repudiaron-el-aumento-del-impuesto-inmobiliario-rural\/\">Autoconvocados de Olavarr\u00eda repudiaron el aumento del impuesto inmobiliario rural<\/a><\/p><\/blockquote>\n<p><iframe loading=\"lazy\" class=\"wp-embedded-content\" sandbox=\"allow-scripts\" security=\"restricted\" style=\"position: absolute; visibility: hidden;\" title=\"&#8220;Autoconvocados de Olavarr\u00eda repudiaron el aumento del impuesto inmobiliario rural&#8221; &#8212; Central de Noticias | Olavarr\u00eda\" src=\"https:\/\/cdnoticias.com\/index.php\/2024\/03\/22\/autoconvocados-de-olavarria-repudiaron-el-aumento-del-impuesto-inmobiliario-rural\/embed\/#?secret=OwEMmSNIBj#?secret=s1l53sIhF2\" data-secret=\"s1l53sIhF2\" width=\"600\" height=\"338\" frameborder=\"0\" marginwidth=\"0\" marginheight=\"0\" scrolling=\"no\"><\/iframe><\/p>\n","protected":false},"excerpt":{"rendered":"<p>Se trata de Cristina Boubee. Los recursos judiciales fueron presentados por alrededor de 60 ruralistas. Cuestionaron que el incremento lleg\u00f3<\/p>\n","protected":false},"author":4,"featured_media":132717,"comment_status":"closed","ping_status":"closed","sticky":false,"template":"","format":"standard","meta":{"_jetpack_memberships_contains_paid_content":false,"footnotes":""},"categories":[4,1],"tags":[],"class_list":["post-132716","post","type-post","status-publish","format-standard","has-post-thumbnail","hentry","category-politica","category-portada"],"jetpack_featured_media_url":"https:\/\/i0.wp.com\/cdnoticias.com\/wp-content\/uploads\/2024\/12\/tranquera-campo.jpg?fit=1000%2C556&ssl=1","jetpack_sharing_enabled":true,"_links":{"self":[{"href":"https:\/\/cdnoticias.com\/index.php\/wp-json\/wp\/v2\/posts\/132716","targetHints":{"allow":["GET"]}}],"collection":[{"href":"https:\/\/cdnoticias.com\/index.php\/wp-json\/wp\/v2\/posts"}],"about":[{"href":"https:\/\/cdnoticias.com\/index.php\/wp-json\/wp\/v2\/types\/post"}],"author":[{"embeddable":true,"href":"https:\/\/cdnoticias.com\/index.php\/wp-json\/wp\/v2\/users\/4"}],"replies":[{"embeddable":true,"href":"https:\/\/cdnoticias.com\/index.php\/wp-json\/wp\/v2\/comments?post=132716"}],"version-history":[{"count":0,"href":"https:\/\/cdnoticias.com\/index.php\/wp-json\/wp\/v2\/posts\/132716\/revisions"}],"wp:featuredmedia":[{"embeddable":true,"href":"https:\/\/cdnoticias.com\/index.php\/wp-json\/wp\/v2\/media\/132717"}],"wp:attachment":[{"href":"https:\/\/cdnoticias.com\/index.php\/wp-json\/wp\/v2\/media?parent=132716"}],"wp:term":[{"taxonomy":"category","embeddable":true,"href":"https:\/\/cdnoticias.com\/index.php\/wp-json\/wp\/v2\/categories?post=132716"},{"taxonomy":"post_tag","embeddable":true,"href":"https:\/\/cdnoticias.com\/index.php\/wp-json\/wp\/v2\/tags?post=132716"}],"curies":[{"name":"wp","href":"https:\/\/api.w.org\/{rel}","templated":true}]}}