{"id":132679,"date":"2024-12-18T11:20:44","date_gmt":"2024-12-18T14:20:44","guid":{"rendered":"https:\/\/cdnoticias.com\/?p=132679"},"modified":"2024-12-18T11:20:46","modified_gmt":"2024-12-18T14:20:46","slug":"audicion-del-ballet-folklorico-en-el-teatro-municipal","status":"publish","type":"post","link":"https:\/\/cdnoticias.com\/index.php\/2024\/12\/18\/audicion-del-ballet-folklorico-en-el-teatro-municipal\/","title":{"rendered":"Audici\u00f3n del Ballet Folkl\u00f3rico en el Teatro Municipal\u00a0"},"content":{"rendered":"\n<p>Ser\u00e1 el s\u00e1bado 21 de diciembre. La audici\u00f3n est\u00e1 destinada a cubrir un rol femenino y masculino dentro del ballet.&nbsp;<\/p>\n\n\n\n<hr class=\"wp-block-separator aligncenter has-alpha-channel-opacity\"\/>\n\n\n\n<p>Desde la<strong> Direcci\u00f3n del Ballet Folkl\u00f3rico Municipal convocan a bailarinas y bailarines<\/strong> a participar de la<strong> audici\u00f3n que se desarrollar\u00e1 el s\u00e1bado 21 de diciembre<\/strong>, a las <strong>10:30 horas,<\/strong> en el <strong>Teatro Municipal <\/strong>(ingreso por calle San Mart\u00edn 2859).<\/p>\n\n\n\n<p><\/p>\n\n\n\n<p>La audici\u00f3n est\u00e1 destinada a cubrir<strong> un rol femenino y masculino dentro del ballet. <\/strong>Aquellas personas interesados en participar deber\u00e1n cumplir con los siguientes requisitos:<\/p>\n\n\n\n<ul class=\"wp-block-list\">\n<li>Ser mayor de 18 a\u00f1os.<\/li>\n<\/ul>\n\n\n\n<ul class=\"wp-block-list\">\n<li>Tener disponibilidad para ensayos (s\u00e1bados de 8 a 14 hs) y funciones.<\/li>\n<\/ul>\n\n\n\n<ul class=\"wp-block-list\">\n<li>Poseer experiencia en danzas folkl\u00f3ricas (excluyente).<\/li>\n<\/ul>\n\n\n\n<ul class=\"wp-block-list\">\n<li>Asistir a la audici\u00f3n con ropa de ensayo, pollera y pa\u00f1uelo.<\/li>\n<\/ul>\n\n\n\n<p><\/p>\n\n\n\n<p>Los interesados deben completar el formulario al que se accede en el <a href=\"https:\/\/docs.google.com\/forms\/d\/e\/1FAIpQLSe5Havam73a5IKct010Q8w18c4QeCbslcgp_vPSrJPZO0K_qg\/viewform?pli=1\" target=\"_blank\" rel=\"noreferrer noopener\">siguiente link<\/a>. Por consultas, las v\u00edas de comunicaci\u00f3n del Ballet son:<strong> Instagram @balletmunicipalolavarria<\/strong><\/p>\n\n\n\n<p><\/p>\n","protected":false},"excerpt":{"rendered":"<p>Ser\u00e1 el s\u00e1bado 21 de diciembre. La audici\u00f3n est\u00e1 destinada a cubrir un rol femenino y masculino dentro del ballet.&nbsp;<\/p>\n","protected":false},"author":6,"featured_media":62522,"comment_status":"closed","ping_status":"closed","sticky":false,"template":"","format":"standard","meta":{"_jetpack_memberships_contains_paid_content":false,"footnotes":""},"categories":[9,1],"tags":[],"class_list":["post-132679","post","type-post","status-publish","format-standard","has-post-thumbnail","hentry","category-cultura","category-portada"],"jetpack_featured_media_url":"https:\/\/i0.wp.com\/cdnoticias.com\/wp-content\/uploads\/2022\/08\/Cultura-Ballet-Municipal-1024x685-1.jpg?fit=1024%2C685&ssl=1","jetpack_sharing_enabled":true,"_links":{"self":[{"href":"https:\/\/cdnoticias.com\/index.php\/wp-json\/wp\/v2\/posts\/132679","targetHints":{"allow":["GET"]}}],"collection":[{"href":"https:\/\/cdnoticias.com\/index.php\/wp-json\/wp\/v2\/posts"}],"about":[{"href":"https:\/\/cdnoticias.com\/index.php\/wp-json\/wp\/v2\/types\/post"}],"author":[{"embeddable":true,"href":"https:\/\/cdnoticias.com\/index.php\/wp-json\/wp\/v2\/users\/6"}],"replies":[{"embeddable":true,"href":"https:\/\/cdnoticias.com\/index.php\/wp-json\/wp\/v2\/comments?post=132679"}],"version-history":[{"count":0,"href":"https:\/\/cdnoticias.com\/index.php\/wp-json\/wp\/v2\/posts\/132679\/revisions"}],"wp:featuredmedia":[{"embeddable":true,"href":"https:\/\/cdnoticias.com\/index.php\/wp-json\/wp\/v2\/media\/62522"}],"wp:attachment":[{"href":"https:\/\/cdnoticias.com\/index.php\/wp-json\/wp\/v2\/media?parent=132679"}],"wp:term":[{"taxonomy":"category","embeddable":true,"href":"https:\/\/cdnoticias.com\/index.php\/wp-json\/wp\/v2\/categories?post=132679"},{"taxonomy":"post_tag","embeddable":true,"href":"https:\/\/cdnoticias.com\/index.php\/wp-json\/wp\/v2\/tags?post=132679"}],"curies":[{"name":"wp","href":"https:\/\/api.w.org\/{rel}","templated":true}]}}