{"id":132667,"date":"2024-12-15T17:09:23","date_gmt":"2024-12-15T20:09:23","guid":{"rendered":"https:\/\/cdnoticias.com\/?p=132667"},"modified":"2024-12-16T08:25:41","modified_gmt":"2024-12-16T11:25:41","slug":"un-cambio-en-el-paisaje","status":"publish","type":"post","link":"https:\/\/cdnoticias.com\/index.php\/2024\/12\/15\/un-cambio-en-el-paisaje\/","title":{"rendered":"Un cambio en el paisaje"},"content":{"rendered":"<p>Un a\u00f1o de gesti\u00f3n de Maximiliano Wesner en la Municipalidad, el intendente en la calle y la comunicaci\u00f3n directa con los vecinos, el acuerdo paritario con el STMO y dos mensajes del Ejecutivo. Lo que viene: el debate del Presupuesto 2025.<!--more--><\/p>\n<hr \/>\n<p><em>Volver a las Fuentes \/ Alexis Grierson y Josefina Bargas<\/em><br \/><em>Foto de tapa: Claudia Bilbao<\/em><\/p>\n<h3>Un a\u00f1o despu\u00e9s<\/h3>\n<p><strong>Diciembre de 2023<\/strong> fue un mes que ser\u00e1 muy recordado en Olavarr\u00eda por muchas razones. Por un lado, <strong>los temporales<\/strong> que afectaron a la ciudad con muy graves consecuencias sobre la infraestructura. Y por otro, tambi\u00e9n fue el cambio de gesti\u00f3n con la <strong>asunci\u00f3n de Maximiliano Wesner en la intendencia<\/strong>.<\/p>\n<p>Del primer a\u00f1o de su mandato habl\u00f3 en <a href=\"https:\/\/www.instagram.com\/reel\/DDZXPMwRE61\/?utm_source=ig_web_copy_link&amp;igsh=MzRlODBiNWFlZA%3D%3D\" target=\"_blank\" rel=\"noopener\">una entrevista<\/a> con la periodista Claudia Bilbao donde cont\u00f3 de su impronta de gesti\u00f3n, la prioridad de estar en la calle y tomarse el tiempo de la charla cara a cara. <strong>\u201cTratamos de llegarle al vecino de esa forma, de estar y permanecer\u201d<\/strong> dijo.<\/p>\n<p>Es que la <strong>comunicaci\u00f3n<\/strong> es un eje clave para la pol\u00edtica siempre. Y para los gobiernos locales, el contacto personal es un extra que puede aprovecharse muy a favor. Sobre todo como en este caso,<strong> cuando las gestiones son bastante nuevas y no tienen tanto pasado con sombras que se les puedan volver en contra<\/strong>.<\/p>\n<p>\u00bfQu\u00e9 queremos decir? <strong>El intendente en la calle es todo a favor<\/strong> y Wesner quiere exprimir las oportunidades sin estirarlas. <em>\u201cEs la octava actividad del d\u00eda\u201d<\/em> le cont\u00f3 el equipo de prensa a VAF el viernes en Atardecer en la Feria mientras Wesner hablaba con uno de los expositores y los ocasionales clientes de uno de los puestos frente al arroyo. <em>Saludos, un chiste, un comentario, pedidos de fotos fueron las interacciones que alcanzamos a ver en los pocos minutos que compartimos.<\/em><\/p>\n<p>A modo de bot\u00f3n de muestra citamos las palabras del <em>presidente del Club Pueblo Nuevo, Jos\u00e9 Maceo<\/em>. <strong>\u201cLo que es muy importante de Maxi es que aunque te tengan que decir que no se puede, te pongan el o\u00eddo.<\/strong> Es fundamental que te escuchen y te acompa\u00f1en. Es una de las cosas que m\u00e1s valoro de esta gesti\u00f3n municipal\u201d respondi\u00f3 en una entrevista.<a href=\"https:\/\/enlineanoticias.com.ar\/tapa\/jose-maceo-al-gobierno-municipal-yo-no-le-puedo-ir-a-pedir-cinco-pelotas-de-basquet-si-hay-chicos-que-le-falta-comida-en-los-platos\/\" target=\"_blank\" rel=\"noopener\"> Plante\u00f3 \u201cla situaci\u00f3n dif\u00edcil\u201d en lo socioecon\u00f3mico<\/a> que registran los clubes, a la par que buscan sostener sus propuestas deportivas.<\/p>\n<p><img data-recalc-dims=\"1\" loading=\"lazy\" decoding=\"async\" class=\"size-full wp-image-105238 aligncenter\" src=\"https:\/\/i0.wp.com\/cdnoticias.com\/wp-content\/uploads\/2023\/12\/JuraWesnerOlavarria-65.jpg?resize=800%2C531&#038;ssl=1\" alt=\"\" width=\"800\" height=\"531\" srcset=\"https:\/\/i0.wp.com\/cdnoticias.com\/wp-content\/uploads\/2023\/12\/JuraWesnerOlavarria-65.jpg?w=1024&amp;ssl=1 1024w, https:\/\/i0.wp.com\/cdnoticias.com\/wp-content\/uploads\/2023\/12\/JuraWesnerOlavarria-65.jpg?resize=300%2C199&amp;ssl=1 300w, https:\/\/i0.wp.com\/cdnoticias.com\/wp-content\/uploads\/2023\/12\/JuraWesnerOlavarria-65.jpg?resize=768%2C510&amp;ssl=1 768w, https:\/\/i0.wp.com\/cdnoticias.com\/wp-content\/uploads\/2023\/12\/JuraWesnerOlavarria-65.jpg?resize=272%2C182&amp;ssl=1 272w\" sizes=\"auto, (max-width: 800px) 100vw, 800px\" \/><\/p>\n<h3>No es lo mismo<\/h3>\n<p><strong>Cerr\u00f3 la \u00faltima negociaci\u00f3n paritaria del a\u00f1o entre el Sindicato de Trabajadores Municipales y el Municipio<\/strong>. <a href=\"https:\/\/cdnoticias.com\/index.php\/2024\/12\/12\/confirman-acuerdo-paritario-en-el-municipio-aumento-del-2094-y-bono-de-fin-de-ano-de-220-mil-pesos\/\" target=\"_blank\" rel=\"noopener\">Se anunci\u00f3 el jueves<\/a> de manera oficial: <strong>\u201caumento del 20,94% y un bono de fin de a\u00f1o de $220.000\u201d<\/strong>. El porcentaje de suba se aplicar\u00e1 en <strong>3 veces<\/strong>, el acuerdo llega hasta febrero. A su vez, los incrementos son diferentes para distintos \u00e1mbitos laborales: el personal del escalaf\u00f3n Obrero y Servicios, Administrativo, T\u00e9cnico y Profesionales de la Administraci\u00f3n tendr\u00e1 el primer mes suba de 14%, el personal profesional de la Salud percibir\u00e1 primero 10% y para personal superior se definieron tres partes de pago casi iguales. Esto sumado al <strong>bono navide\u00f1o<\/strong> que se hab\u00eda anunciado la semana anterior y con el agregado de que <strong>la semana pr\u00f3xima se pagar\u00e1 el aguinaldo<\/strong>.<br \/>La mesa paritaria fue resolutiva y en pocos d\u00edas se lleg\u00f3 al acuerdo.<\/p>\n<p>La primera consecuencia fue que <strong>el STMO levant\u00f3 la carpa, aunque no inmediatamente. Fue en dos etapas<\/strong>. Primero por la tarde del viernes, con el movimiento de algunos elementos que estaban dentro de la estructura, pero la carpa segu\u00eda en pie. Entre las 22 y la 0 de ese d\u00eda se termin\u00f3 de quitar. <strong>Dicen que hab\u00eda poco personal disponible<\/strong> para llevar a cabo las tareas y por ello es que se hizo de esa forma. Lo concreto es que<strong> el paisaje ya es otro: la esquina de Rivadavia y San Mart\u00edn ya no luce un conflicto antes de entrar.<\/strong><\/p>\n<p><strong>No hubo declaraciones<\/strong>. Ni del STMO ni del Ejecutivo. Y dicen que eso tambi\u00e9n fue parte del acuerdo. El cierre de negociaci\u00f3n se comunic\u00f3 p\u00fablicamente desde el Municipio con la informaci\u00f3n que linkeamos m\u00e1s arriba, y casi con el mismo mensaje a los trabajadores a trav\u00e9s de un comunicado que firm\u00f3 Wesner con \u201cun abrazo\u201d.<strong> \u201cNos alegra concretar este acuerdo y poder llevarles una mayor tranquilidad a las familias\u201d expres\u00f3<\/strong>.<\/p>\n<p>\u00bfFue el primer acuerdo del a\u00f1o? Los cierres de negociaciones paritarias a lo largo del a\u00f1o se conocieron mediante decretos y<strong> el STMO sali\u00f3 a expresar sus cuestionamientos<\/strong> a trav\u00e9s del secretario general Jos\u00e9 Stuppia. Aludi\u00f3 mayormente a lo negociado en 2023 que no se cumpli\u00f3 desde el Ejecutivo y apunt\u00f3 principalmente contra la jefa de Gabinete, Mercedes Land\u00edvar y contra C\u00e9sar Valicenti. <strong>Los discursos subieron el tono de confrontaci\u00f3n desde fines de septiembre en adelante cuando se instal\u00f3 la carpa<\/strong>, al cierre de la negociaci\u00f3n del noveno mes del a\u00f1o, que tambi\u00e9n hab\u00eda dispuesto la suba salarial por tres meses.<\/p>\n<p>En la entrevista del primer a\u00f1o de gesti\u00f3n <strong>Wesner insisti\u00f3 en que antes hubo otras negociaciones que se cerraron por acuerdo con el STMO<\/strong> y busc\u00f3 sentar dos ideas. Por un lado, que<strong> \u201cno hay un enfrentamiento\u201d de la gesti\u00f3n con el STMO ni con sus dirigentes<\/strong><em>. \u201cEsto no es una pulseada<\/em>\u201d volvi\u00f3 a definir despu\u00e9s. Encuadr\u00f3 las acciones que llev\u00f3 adelante como<strong> \u201cmarcar las cosas que est\u00e1n mal\u201d<\/strong> en referencia a lo de la playa de camiones de la semana pasada, la denuncia por los alrededor de 70 empleados cedidos, por los descuentos salariales mal aplicados. Y un largo etc\u00e9tera de acciones con las que <em>se busc\u00f3 esmerilar el poder de los directivos del STMO<\/em>. Incluso lo present\u00f3 como<em> un \u201creordenamiento\u201d y \u201chacer lo que hay hacer\u201d<\/em>. <strong>\u201cEran decisiones que hab\u00eda que tomar, gestionamos para tomar decisiones\u201d dijo en lo que son\u00f3 a contraste con la gesti\u00f3n anterior de Ezequiel Galli<\/strong>.<\/p>\n<p><strong>\u201cEsto a m\u00ed no me aleja de los trabajadores\u201d<\/strong> subray\u00f3 Wesner. Aqu\u00ed surge la segunda idea que dej\u00f3. El subtitulado dir\u00e1: e<strong>l STMO no son \u201clos trabajadores\u201d<\/strong>. Se\u00f1al\u00f3 al rol de la comunicaci\u00f3n, este cara a cara del que hablamos en el apartado anterior para validar su accionar y recoger respuestas.<\/p>\n<p>Al igual que con los vecinos, <strong>el intendente se muestra en un di\u00e1logo directo con los empleados para el que prescinde de intermediaciones<\/strong>. As\u00ed cont\u00f3 que recorre \u201clas oficinas\u201d de los palacios y \u201clos talleres municipales\u201d para preguntarle a los afectados\/beneficiados directos de las medidas, como el cierre paritario por ejemplo.<\/p>\n<p><img data-recalc-dims=\"1\" loading=\"lazy\" decoding=\"async\" class=\"size-large wp-image-126393 aligncenter\" src=\"https:\/\/i0.wp.com\/cdnoticias.com\/wp-content\/uploads\/2024\/09\/conferencia-stmo1.jpg?resize=800%2C445&#038;ssl=1\" alt=\"\" width=\"800\" height=\"445\" srcset=\"https:\/\/i0.wp.com\/cdnoticias.com\/wp-content\/uploads\/2024\/09\/conferencia-stmo1.jpg?resize=1024%2C569&amp;ssl=1 1024w, https:\/\/i0.wp.com\/cdnoticias.com\/wp-content\/uploads\/2024\/09\/conferencia-stmo1.jpg?resize=300%2C167&amp;ssl=1 300w, https:\/\/i0.wp.com\/cdnoticias.com\/wp-content\/uploads\/2024\/09\/conferencia-stmo1.jpg?resize=768%2C427&amp;ssl=1 768w, https:\/\/i0.wp.com\/cdnoticias.com\/wp-content\/uploads\/2024\/09\/conferencia-stmo1.jpg?resize=800%2C445&amp;ssl=1 800w, https:\/\/i0.wp.com\/cdnoticias.com\/wp-content\/uploads\/2024\/09\/conferencia-stmo1.jpg?w=1072&amp;ssl=1 1072w\" sizes=\"auto, (max-width: 800px) 100vw, 800px\" \/><\/p>\n<h3>Variables y contexto<\/h3>\n<p>Un aumento de 21% por tres meses es, en este momento -porque Argentina- <strong>m\u00e1s que la inflaci\u00f3n proyectada para ese lapso<\/strong>. En principio el cierre es muy positivo. De hecho, desde el Ejecutivo se ha planteado a lo largo del a\u00f1o la intenci\u00f3n de \u201cacompa\u00f1ar la inflaci\u00f3n\u201d con los aumentos de sueldos.<\/p>\n<p>Pero esa sola variable no explica todo. <strong>Para muchos de los trabajadores el punto de partida ya es bajo<\/strong> y de eso es consciente el Ejecutivo. Por ahora para ello no hay respuesta posible. Y todo eso se combina con las modificaciones de otras variables, externas a lo local y de alcance para toda la poblaci\u00f3n: el creciente <em>aumento del valor de la canasta b\u00e1sica alimentaria y el indetenible incremento de los costos de servicios<\/em> que adem\u00e1s derivaron en la modificaci\u00f3n de las proporciones de gastos. El aumento del \u00edndice de pobreza e indigencia a lo largo del a\u00f1o es el dato que traduce todo esto a la realidad.<\/p>\n<p>El Municipio ha estado claramente <strong>afectado por la reducci\u00f3n de ingresos<\/strong>. El Impuesto a la Piedra es el que marca la tendencia, a partir de las bajas de 30% interanual en los despachos de cemento y del 40% interanual en los despachos de piedra gran\u00edtica. Son el producto que m\u00e1s tributa y el producto de mayor volumen de producci\u00f3n.<\/p>\n<p>Pero no todo es negativo. De hecho, el porcentaje de aumento salarial definido habla de <strong>un Municipio con los n\u00fameros fortalecidos y con mejores posibilidades que en septiembre<\/strong>, cuando se cerr\u00f3 un aumento de 12% por los siguientes tres meses. <strong>\u201cHace cuatro meses este aumento no lo pod\u00edamos dar\u201d<\/strong> dijo despu\u00e9s del cierre paritario una fuente del Ejecutivo.<\/p>\n<p>Y con esto nos encaminamos a lo que suceder\u00e1 el martes:<strong> va a sesionar el Concejo Deliberante para tratar el Presupuesto 2025<\/strong>. Los gastos y los recursos del a\u00f1o que viene van a ser debatidos por todos los bloques. <strong>Los n\u00fameros para la aprobaci\u00f3n parece que est\u00e1n. De hecho, lo dejaron entrever Francisco Gonz\u00e1lez y Sebasti\u00e1n Matrella el viernes por la tarde.<\/strong> En di\u00e1logo con VAF adelantaron que van a presentar un discurso con posiciones cr\u00edticas hacia algunos contenidos del proyecto, pero que en l\u00edneas generales el bloque mantiene la misma postura de los \u00faltimos a\u00f1os: votar afirmativamente los presupuestos.<\/p>\n<p>Recordemos adem\u00e1s que<strong> la bancada de la UCR sum\u00f3 un integrante: el jueves pasado reasumi\u00f3 Bel\u00e9n Vergel por la licencia solicitada por Miriam Mosescu de Pro-ERF<\/strong>. Con esto, a\u00fan si de los otros bloques opositores no se suman m\u00e1s manos, la mayor\u00eda ya est\u00e1 prevista sin necesidad del doble voto del presidente.<\/p>\n<p>Los que no adelantaron su voto son <strong>los concejales de La Libertad Avanza<\/strong>, aunque remarcaron su postura contraria a la gesti\u00f3n. <em>\u201cEste presupuesto plantea gastar un 26% m\u00e1s con una reducci\u00f3n de los ingresos de un 17%. Nosotros decimos que hay una inconsistencia grave\u201d<\/em> <a href=\"https:\/\/lu32.com.ar\/nota\/117022\/la-libertad-avanza-olavarria-con-criticas-a-los-gastos-corrientes-del-municipio-para-el-2025%C2%A0\" target=\"_blank\" rel=\"noopener\">dijo Oliver Gamondi<\/a> al periodista Mart\u00edn Rodr\u00edguez.<\/p>\n<p>Sin adelantarnos mucho, <strong>presumimos que muchas cr\u00edticas de la oposici\u00f3n se van a dirigir al gasto previsto en obras p\u00fablicas<\/strong>. Es que cuando el hoy oficialismo era oposici\u00f3n hac\u00eda especial hincapi\u00e9 en esta \u00e1rea con numerosos cuestionamientos a la entonces gesti\u00f3n de Ezequiel Galli. Los se\u00f1alamientos de diferencias entre \u201cdecir\u201d y \u201chacer\u201d van a ser repetidos en los discursos.<\/p>\n<p>Antes de debatir el Presupuesto, habr\u00e1 asamblea con mayores contribuyentes para aprobar el programa de Lucha contra la Tucura y modificaciones impositivas que impulsa el Ejecutivo (<a href=\"https:\/\/cdnoticias.com\/index.php\/2024\/12\/10\/hcd-los-cambios-impositivos-que-propuso-el-ejecutivo\/\" target=\"_blank\" rel=\"noopener\">son estas<\/a>). La sesi\u00f3n preparatoria se hizo el lunes pasado, en la sede del HCD.<\/p>\n\n\n<p class=\"has-large-font-size\"><strong>El newsletter<\/strong><\/p>\n\n\n\n<p>Esta publicaci\u00f3n es la <a href=\"https:\/\/mailchi.mp\/7e121025efb9\/un-cambio-en-el-paisaje?e=e4ffb04d40\">edici\u00f3n de este domingo del newsletter Volver a las Fuentes<\/a> que escriben Alexis Grierson y Josefina Bargas. <a href=\"https:\/\/linktr.ee\/volveralasfuentes\">Tiene un sistema de suscripci\u00f3n econ\u00f3mica y aportes \u00fanicos al que se puede acceder aqu\u00ed.<\/a><\/p>\n","protected":false},"excerpt":{"rendered":"<p>Un a\u00f1o de gesti\u00f3n de Maximiliano Wesner en la Municipalidad, el intendente en la calle y la comunicaci\u00f3n directa con<\/p>\n","protected":false},"author":4,"featured_media":132668,"comment_status":"closed","ping_status":"closed","sticky":false,"template":"","format":"standard","meta":{"_jetpack_memberships_contains_paid_content":false,"footnotes":""},"categories":[4,1],"tags":[],"class_list":["post-132667","post","type-post","status-publish","format-standard","has-post-thumbnail","hentry","category-politica","category-portada"],"jetpack_featured_media_url":"https:\/\/i0.wp.com\/cdnoticias.com\/wp-content\/uploads\/2024\/12\/municipalidad-carpa-levantada-00.jpg?fit=1000%2C556&ssl=1","jetpack_sharing_enabled":true,"_links":{"self":[{"href":"https:\/\/cdnoticias.com\/index.php\/wp-json\/wp\/v2\/posts\/132667","targetHints":{"allow":["GET"]}}],"collection":[{"href":"https:\/\/cdnoticias.com\/index.php\/wp-json\/wp\/v2\/posts"}],"about":[{"href":"https:\/\/cdnoticias.com\/index.php\/wp-json\/wp\/v2\/types\/post"}],"author":[{"embeddable":true,"href":"https:\/\/cdnoticias.com\/index.php\/wp-json\/wp\/v2\/users\/4"}],"replies":[{"embeddable":true,"href":"https:\/\/cdnoticias.com\/index.php\/wp-json\/wp\/v2\/comments?post=132667"}],"version-history":[{"count":0,"href":"https:\/\/cdnoticias.com\/index.php\/wp-json\/wp\/v2\/posts\/132667\/revisions"}],"wp:featuredmedia":[{"embeddable":true,"href":"https:\/\/cdnoticias.com\/index.php\/wp-json\/wp\/v2\/media\/132668"}],"wp:attachment":[{"href":"https:\/\/cdnoticias.com\/index.php\/wp-json\/wp\/v2\/media?parent=132667"}],"wp:term":[{"taxonomy":"category","embeddable":true,"href":"https:\/\/cdnoticias.com\/index.php\/wp-json\/wp\/v2\/categories?post=132667"},{"taxonomy":"post_tag","embeddable":true,"href":"https:\/\/cdnoticias.com\/index.php\/wp-json\/wp\/v2\/tags?post=132667"}],"curies":[{"name":"wp","href":"https:\/\/api.w.org\/{rel}","templated":true}]}}