{"id":132625,"date":"2024-12-15T12:12:16","date_gmt":"2024-12-15T15:12:16","guid":{"rendered":"https:\/\/cdnoticias.com\/?p=132625"},"modified":"2024-12-15T17:09:38","modified_gmt":"2024-12-15T20:09:38","slug":"fiestas-de-fin-de-ano-asueto-administrativo-en-la-municipalidad","status":"publish","type":"post","link":"https:\/\/cdnoticias.com\/index.php\/2024\/12\/15\/fiestas-de-fin-de-ano-asueto-administrativo-en-la-municipalidad\/","title":{"rendered":"Fiestas de Fin de A\u00f1o: asueto administrativo en la Municipalidad"},"content":{"rendered":"<p>Disposici\u00f3n para los d\u00edas 23, 24, 30 y 31 de diciembre. La medida contempla el despliegue de medios y recursos para garantizar los servicios esenciales brindados desde el Municipio.<!--more--><\/p>\n<hr \/>\n<p>El <strong>Municipio de Olavarr\u00eda<\/strong> dispuso jornadas de <strong>asueto administrativo para el personal municipal<\/strong> con motivo de las v\u00edsperas de las <strong>fiestas de a\u00f1o nuevo.<\/strong><\/p>\n<p>La medida, que se enmarca en el <strong>Decreto Municipal 6703\/24<\/strong>, toma en consideraci\u00f3n los <strong>preparativos para las fiestas, tanto de Navidad como de A\u00f1o Nuevo<\/strong>, como as\u00ed tambi\u00e9n aquellos casos en los que trabajadores o trabajadoras deban trasladarse a otras localidades.<\/p>\n<blockquote><p>Se resolvi\u00f3, por un lado, que en la jornada de los lunes 23 y 30 de diciembre la medida comenzar\u00e1 a regir a partir de las 12 horas. A la par, ser\u00e1 abarcativo de toda la jornada el asueto para los d\u00edas 24 y 31, tambi\u00e9n del corriente mes.<\/p><\/blockquote>\n<p>Se aclar\u00f3, por \u00faltimo, que \u201cdesde el Municipio de Olavarr\u00eda se arbitrar\u00e1n los medios y recursos necesarios para<strong> garantizar la permanencia de los servicios esenciales e indispensables<\/strong> que son brindados desde la comuna\u201d.<\/p>\n","protected":false},"excerpt":{"rendered":"<p>Disposici\u00f3n para los d\u00edas 23, 24, 30 y 31 de diciembre. La medida contempla el despliegue de medios y recursos<\/p>\n","protected":false},"author":4,"featured_media":106918,"comment_status":"closed","ping_status":"closed","sticky":false,"template":"","format":"standard","meta":{"_jetpack_memberships_contains_paid_content":false,"footnotes":""},"categories":[5,1],"tags":[],"class_list":["post-132625","post","type-post","status-publish","format-standard","has-post-thumbnail","hentry","category-informacion-general","category-portada"],"jetpack_featured_media_url":"https:\/\/i0.wp.com\/cdnoticias.com\/wp-content\/uploads\/2024\/01\/municipalidad-de-olavarria-02.jpg?fit=1200%2C668&ssl=1","jetpack_sharing_enabled":true,"_links":{"self":[{"href":"https:\/\/cdnoticias.com\/index.php\/wp-json\/wp\/v2\/posts\/132625","targetHints":{"allow":["GET"]}}],"collection":[{"href":"https:\/\/cdnoticias.com\/index.php\/wp-json\/wp\/v2\/posts"}],"about":[{"href":"https:\/\/cdnoticias.com\/index.php\/wp-json\/wp\/v2\/types\/post"}],"author":[{"embeddable":true,"href":"https:\/\/cdnoticias.com\/index.php\/wp-json\/wp\/v2\/users\/4"}],"replies":[{"embeddable":true,"href":"https:\/\/cdnoticias.com\/index.php\/wp-json\/wp\/v2\/comments?post=132625"}],"version-history":[{"count":0,"href":"https:\/\/cdnoticias.com\/index.php\/wp-json\/wp\/v2\/posts\/132625\/revisions"}],"wp:featuredmedia":[{"embeddable":true,"href":"https:\/\/cdnoticias.com\/index.php\/wp-json\/wp\/v2\/media\/106918"}],"wp:attachment":[{"href":"https:\/\/cdnoticias.com\/index.php\/wp-json\/wp\/v2\/media?parent=132625"}],"wp:term":[{"taxonomy":"category","embeddable":true,"href":"https:\/\/cdnoticias.com\/index.php\/wp-json\/wp\/v2\/categories?post=132625"},{"taxonomy":"post_tag","embeddable":true,"href":"https:\/\/cdnoticias.com\/index.php\/wp-json\/wp\/v2\/tags?post=132625"}],"curies":[{"name":"wp","href":"https:\/\/api.w.org\/{rel}","templated":true}]}}