{"id":132575,"date":"2024-12-16T17:04:31","date_gmt":"2024-12-16T20:04:31","guid":{"rendered":"https:\/\/cdnoticias.com\/?p=132575"},"modified":"2024-12-16T17:04:33","modified_gmt":"2024-12-16T20:04:33","slug":"se-celebran-los-4-anos-de-la-casa-eduardo-chino-correa","status":"publish","type":"post","link":"https:\/\/cdnoticias.com\/index.php\/2024\/12\/16\/se-celebran-los-4-anos-de-la-casa-eduardo-chino-correa\/","title":{"rendered":"Se celebran los 4 a\u00f1os de la Casa Eduardo \u201cChino\u201d Correa"},"content":{"rendered":"\n<p>Ser\u00e1 este mi\u00e9rcoles 18 de diciembre con un show gratuito de la agrupaci\u00f3n de m\u00fasica andina \u201cLas Chinas\u201d.\u00a0<\/p>\n\n\n\n<hr class=\"wp-block-separator aligncenter has-alpha-channel-opacity\"\/>\n\n\n\n<p>El <strong>Foro Olavarr\u00eda &#8211; Frente Renovador<\/strong>, espacio conducido por <strong>Eduardo Rodr\u00edguez<\/strong>, celebrar\u00e1 los <strong>4 a\u00f1os de su sede oficial,<\/strong> la Casa Eduardo \u201cChino\u201d Correa, con un evento que contar\u00e1 con el<strong> show gratuito y abierto al p\u00fablico de \u201cLas Chinas<\/strong>\u201d.\u00a0<\/p>\n\n\n\n<p><\/p>\n\n\n\n<p>El evento ser\u00e1 este <strong>mi\u00e9rcoles 18 de diciembre a las 19:30 horas en la sede ubicada en Belgrano 3222.<\/strong> \u201cLas Chinas\u201d es una <strong>agrupaci\u00f3n de m\u00fasica andina <\/strong>fusionada con diversos g\u00e9neros musicales que naci\u00f3 a partir de los encuentros que se desarrollaban en una mutual de nuestra ciudad.<\/p>\n\n\n\n<p><\/p>\n\n\n\n<blockquote class=\"wp-block-quote is-layout-flow wp-block-quote-is-layout-flow\">\n<p>En sus inicios, la banda estaba completamente conformada por mujeres y se presentaban bajo el nombre de \u201cChina Supay\u201d, que en quechua es el diablo del carnaval hecho mujer.<\/p>\n<\/blockquote>\n\n\n\n<p><\/p>\n\n\n\n<p>Luego de un tiempo, el proyecto fue rebautizado como <strong>\u201cLas Chinas<\/strong>\u201d a partir de un apodo que el mismo p\u00fablico le hab\u00eda comenzado a dar a la banda.<\/p>\n\n\n\n<p><\/p>\n\n\n\n<p>Con el cambio de nombre fueron <strong>explorando nuevos rumbos <\/strong>e incorporando m\u00fasicos masculinos a la formaci\u00f3n que, actualmente, es integrada por Luz Villarruel en la voz; Antonella Diuono en flauta traversa, quena y sikus; Viviana Godoy en el bajo; Silvina L\u00f3pez en sikus; Erica Labelle encargada de la guitarra; Emiliano Palacios en la bater\u00eda; y El\u00edas P\u00e9rez Merlos en charango y vientos.<\/p>\n\n\n\n<p><\/p>\n\n\n\n<p>Su repertorio cuenta con<strong> canciones populares con r\u00edtmicas de ra\u00edces andinas <\/strong>que invitan al encuentro y a la danza. \u201cLas Chinas\u201d ya cuentan con un importante rodaje en la escena local, logrando un interesante reconocimiento por parte del p\u00fablico y proyect\u00e1ndose como una <strong>referencia en la m\u00fasica olavarriense.<\/strong><\/p>\n\n\n\n<p><\/p>\n","protected":false},"excerpt":{"rendered":"<p>Ser\u00e1 este mi\u00e9rcoles 18 de diciembre con un show gratuito de la agrupaci\u00f3n de m\u00fasica andina \u201cLas Chinas\u201d.\u00a0 El Foro<\/p>\n","protected":false},"author":6,"featured_media":132576,"comment_status":"closed","ping_status":"closed","sticky":false,"template":"","format":"standard","meta":{"_jetpack_memberships_contains_paid_content":false,"footnotes":""},"categories":[9,1],"tags":[],"class_list":["post-132575","post","type-post","status-publish","format-standard","has-post-thumbnail","hentry","category-cultura","category-portada"],"jetpack_featured_media_url":"https:\/\/i0.wp.com\/cdnoticias.com\/wp-content\/uploads\/2024\/12\/Las-chinas-Aniv-CHC.jpg?fit=800%2C500&ssl=1","jetpack_sharing_enabled":true,"_links":{"self":[{"href":"https:\/\/cdnoticias.com\/index.php\/wp-json\/wp\/v2\/posts\/132575","targetHints":{"allow":["GET"]}}],"collection":[{"href":"https:\/\/cdnoticias.com\/index.php\/wp-json\/wp\/v2\/posts"}],"about":[{"href":"https:\/\/cdnoticias.com\/index.php\/wp-json\/wp\/v2\/types\/post"}],"author":[{"embeddable":true,"href":"https:\/\/cdnoticias.com\/index.php\/wp-json\/wp\/v2\/users\/6"}],"replies":[{"embeddable":true,"href":"https:\/\/cdnoticias.com\/index.php\/wp-json\/wp\/v2\/comments?post=132575"}],"version-history":[{"count":0,"href":"https:\/\/cdnoticias.com\/index.php\/wp-json\/wp\/v2\/posts\/132575\/revisions"}],"wp:featuredmedia":[{"embeddable":true,"href":"https:\/\/cdnoticias.com\/index.php\/wp-json\/wp\/v2\/media\/132576"}],"wp:attachment":[{"href":"https:\/\/cdnoticias.com\/index.php\/wp-json\/wp\/v2\/media?parent=132575"}],"wp:term":[{"taxonomy":"category","embeddable":true,"href":"https:\/\/cdnoticias.com\/index.php\/wp-json\/wp\/v2\/categories?post=132575"},{"taxonomy":"post_tag","embeddable":true,"href":"https:\/\/cdnoticias.com\/index.php\/wp-json\/wp\/v2\/tags?post=132575"}],"curies":[{"name":"wp","href":"https:\/\/api.w.org\/{rel}","templated":true}]}}