{"id":132559,"date":"2024-12-14T14:31:39","date_gmt":"2024-12-14T17:31:39","guid":{"rendered":"https:\/\/cdnoticias.com\/?p=132559"},"modified":"2024-12-14T21:32:14","modified_gmt":"2024-12-15T00:32:14","slug":"ezequiel-galli-se-reunio-con-alejandro-carrancio-y-geraldine-calvella","status":"publish","type":"post","link":"https:\/\/cdnoticias.com\/index.php\/2024\/12\/14\/ezequiel-galli-se-reunio-con-alejandro-carrancio-y-geraldine-calvella\/","title":{"rendered":"Ezequiel Galli se reuni\u00f3 con Alejandro Carrancio y Geraldine Calvella"},"content":{"rendered":"<p>El ex intendente estuvo con los referentes de La Libertad Avanza. Cr\u00edticas a la gesti\u00f3n provincial y la b\u00fasqueda de \u201cpuntos en com\u00fan\u201d.<!--more--><\/p>\n<hr \/>\n<p>En la <strong>ciudad de Mar del Plata<\/strong> se reunieron este viernes el <strong>director del Instituto Nacional de Promoci\u00f3n Tur\u00edstica (Inprotur) Alejandro Carrancio<\/strong>, la <strong>diputada provincial de la Libertad Avanza Geraldine Calvella<\/strong> y el <strong>ex intendente de Olavarr\u00eda Ezequiel Galli.<\/strong><\/p>\n<p>Seg\u00fan indicaron, durante el encuentro los tres manifestaron un <strong>enorme grado de preocupaci\u00f3n \u201cpor la mala gesti\u00f3n de Axel Kicillof en la Provincia<\/strong> en materia de seguridad y de salud p\u00fablica\u201d.<\/p>\n<p>\u201cLa <strong>situaci\u00f3n actual de IOMA<\/strong> es un claro ejemplo de las prioridades que tiene el Gobernador. Anuncia que tienen <a href=\"https:\/\/cdnoticias.com\/index.php\/2024\/12\/09\/kicillof-rechazo-la-venta-de-aerolineas-argentinas-y-dijo-que-la-provincia-podria-tomar-el-control\/\" target=\"_blank\" rel=\"noopener\">intenciones de comprar acciones de Aerol\u00edneas Argentinas<\/a> y los vecinos de la s\u00e9ptima secci\u00f3n est\u00e1n desamparados en materia de salud\u201d, indicaron.<\/p>\n<p>Asimismo, Carrancio, Calvella y Galli aseguraron que van a <strong>\u201cseguir buscando puntos en com\u00fan<\/strong> para trabajar de manera responsable en los distintos <strong>distritos de la s\u00e9ptima secci\u00f3n electoral<\/strong>\u201d.<\/p>\n<blockquote><p>En este sentido, Galli remarc\u00f3: \u201cestamos con un di\u00e1logo muy fluido con dirigentes de la Libertad Avanza que se referencian en Sebasti\u00e1n Pareja como Celeste Arouxet y Guillermo Lascano que tienen una misma visi\u00f3n de cara al futuro\u201d.<\/p><\/blockquote>\n","protected":false},"excerpt":{"rendered":"<p>El ex intendente estuvo con los referentes de La Libertad Avanza. Cr\u00edticas a la gesti\u00f3n provincial y la b\u00fasqueda de<\/p>\n","protected":false},"author":4,"featured_media":132560,"comment_status":"closed","ping_status":"closed","sticky":false,"template":"","format":"standard","meta":{"_jetpack_memberships_contains_paid_content":false,"footnotes":""},"categories":[4,1],"tags":[],"class_list":["post-132559","post","type-post","status-publish","format-standard","has-post-thumbnail","hentry","category-politica","category-portada"],"jetpack_featured_media_url":"https:\/\/i0.wp.com\/cdnoticias.com\/wp-content\/uploads\/2024\/12\/ezequiel-galli-carrancio-calvella.jpg?fit=1000%2C556&ssl=1","jetpack_sharing_enabled":true,"_links":{"self":[{"href":"https:\/\/cdnoticias.com\/index.php\/wp-json\/wp\/v2\/posts\/132559","targetHints":{"allow":["GET"]}}],"collection":[{"href":"https:\/\/cdnoticias.com\/index.php\/wp-json\/wp\/v2\/posts"}],"about":[{"href":"https:\/\/cdnoticias.com\/index.php\/wp-json\/wp\/v2\/types\/post"}],"author":[{"embeddable":true,"href":"https:\/\/cdnoticias.com\/index.php\/wp-json\/wp\/v2\/users\/4"}],"replies":[{"embeddable":true,"href":"https:\/\/cdnoticias.com\/index.php\/wp-json\/wp\/v2\/comments?post=132559"}],"version-history":[{"count":0,"href":"https:\/\/cdnoticias.com\/index.php\/wp-json\/wp\/v2\/posts\/132559\/revisions"}],"wp:featuredmedia":[{"embeddable":true,"href":"https:\/\/cdnoticias.com\/index.php\/wp-json\/wp\/v2\/media\/132560"}],"wp:attachment":[{"href":"https:\/\/cdnoticias.com\/index.php\/wp-json\/wp\/v2\/media?parent=132559"}],"wp:term":[{"taxonomy":"category","embeddable":true,"href":"https:\/\/cdnoticias.com\/index.php\/wp-json\/wp\/v2\/categories?post=132559"},{"taxonomy":"post_tag","embeddable":true,"href":"https:\/\/cdnoticias.com\/index.php\/wp-json\/wp\/v2\/tags?post=132559"}],"curies":[{"name":"wp","href":"https:\/\/api.w.org\/{rel}","templated":true}]}}