{"id":132541,"date":"2024-12-14T09:41:53","date_gmt":"2024-12-14T12:41:53","guid":{"rendered":"https:\/\/cdnoticias.com\/?p=132541"},"modified":"2024-12-14T13:29:04","modified_gmt":"2024-12-14T16:29:04","slug":"belen-vergel-reasumio-como-titular-del-comite-local-de-la-ucr","status":"publish","type":"post","link":"https:\/\/cdnoticias.com\/index.php\/2024\/12\/14\/belen-vergel-reasumio-como-titular-del-comite-local-de-la-ucr\/","title":{"rendered":"Bel\u00e9n Vergel reasumi\u00f3 como titular del Comit\u00e9 Local de la UCR"},"content":{"rendered":"\n<p>Fue en un acto este viernes al atardecer. Valor\u00f3 la lista de unidad tras 20 a\u00f1os de elecciones y habl\u00f3 del \u201cgran desaf\u00edo\u201d que ser\u00e1 la intendencia de Olavarr\u00eda.<\/p>\n\n\n\n<hr class=\"wp-block-separator aligncenter has-alpha-channel-opacity\"\/>\n\n\n\n<p>Este viernes al atardecer y con un buen marco de p\u00fablico, <strong>Bel\u00e9n Vergel reasumi\u00f3 como titular del Comit\u00e9 Local de la Uni\u00f3n C\u00edvica Radical. Con un discurso que valor\u00f3 la unidad tras 20 a\u00f1os de internas, pidi\u00f3 redoblar los esfuerzos y buscar \u201cel gran desaf\u00edo\u201d que es la intendencia.<\/strong><\/p>\n\n\n\n<figure class=\"wp-block-image size-large\"><img data-recalc-dims=\"1\" loading=\"lazy\" decoding=\"async\" width=\"800\" height=\"445\" src=\"https:\/\/i0.wp.com\/cdnoticias.com\/wp-content\/uploads\/2024\/12\/ucr-asuncion-vergel2.jpg?resize=800%2C445&#038;ssl=1\" alt=\"\" class=\"wp-image-132544\" srcset=\"https:\/\/i0.wp.com\/cdnoticias.com\/wp-content\/uploads\/2024\/12\/ucr-asuncion-vergel2.jpg?resize=1024%2C569&amp;ssl=1 1024w, https:\/\/i0.wp.com\/cdnoticias.com\/wp-content\/uploads\/2024\/12\/ucr-asuncion-vergel2.jpg?resize=300%2C167&amp;ssl=1 300w, https:\/\/i0.wp.com\/cdnoticias.com\/wp-content\/uploads\/2024\/12\/ucr-asuncion-vergel2.jpg?resize=768%2C427&amp;ssl=1 768w, https:\/\/i0.wp.com\/cdnoticias.com\/wp-content\/uploads\/2024\/12\/ucr-asuncion-vergel2.jpg?resize=800%2C445&amp;ssl=1 800w, https:\/\/i0.wp.com\/cdnoticias.com\/wp-content\/uploads\/2024\/12\/ucr-asuncion-vergel2.jpg?w=1072&amp;ssl=1 1072w\" sizes=\"auto, (max-width: 800px) 100vw, 800px\" \/><\/figure>\n\n\n\n<figure class=\"wp-block-image size-large\"><img data-recalc-dims=\"1\" loading=\"lazy\" decoding=\"async\" width=\"800\" height=\"445\" src=\"https:\/\/i0.wp.com\/cdnoticias.com\/wp-content\/uploads\/2024\/12\/ucr-asuncion-vergel8.jpg?resize=800%2C445&#038;ssl=1\" alt=\"\" class=\"wp-image-132550\" srcset=\"https:\/\/i0.wp.com\/cdnoticias.com\/wp-content\/uploads\/2024\/12\/ucr-asuncion-vergel8.jpg?resize=1024%2C569&amp;ssl=1 1024w, https:\/\/i0.wp.com\/cdnoticias.com\/wp-content\/uploads\/2024\/12\/ucr-asuncion-vergel8.jpg?resize=300%2C167&amp;ssl=1 300w, https:\/\/i0.wp.com\/cdnoticias.com\/wp-content\/uploads\/2024\/12\/ucr-asuncion-vergel8.jpg?resize=768%2C427&amp;ssl=1 768w, https:\/\/i0.wp.com\/cdnoticias.com\/wp-content\/uploads\/2024\/12\/ucr-asuncion-vergel8.jpg?resize=800%2C445&amp;ssl=1 800w, https:\/\/i0.wp.com\/cdnoticias.com\/wp-content\/uploads\/2024\/12\/ucr-asuncion-vergel8.jpg?w=1072&amp;ssl=1 1072w\" sizes=\"auto, (max-width: 800px) 100vw, 800px\" \/><\/figure>\n\n\n\n<p>En el acto particip\u00f3 toda la nueva integraci\u00f3n del comit\u00e9 local, adem\u00e1s de los nuevos integrantes directivos de la<strong> Juventud Radical, encabezada por el nuevo presidente Nahuel Gonz\u00e1lez.<\/strong> Tambi\u00e9n participaron los concejales Francisco Gonz\u00e1lez y Sebasti\u00e1n Matrella. Vale decir que Vergel tambi\u00e9n es concejal actualmente, pero por una suplencia de Miriam Mosescu (Pro-ERF) hasta el 20 de diciembre.<\/p>\n\n\n\n<figure class=\"wp-block-image size-large\"><img data-recalc-dims=\"1\" loading=\"lazy\" decoding=\"async\" width=\"800\" height=\"445\" src=\"https:\/\/i0.wp.com\/cdnoticias.com\/wp-content\/uploads\/2024\/12\/ucr-asuncion-vergel1.jpg?resize=800%2C445&#038;ssl=1\" alt=\"\" class=\"wp-image-132543\" srcset=\"https:\/\/i0.wp.com\/cdnoticias.com\/wp-content\/uploads\/2024\/12\/ucr-asuncion-vergel1.jpg?resize=1024%2C570&amp;ssl=1 1024w, https:\/\/i0.wp.com\/cdnoticias.com\/wp-content\/uploads\/2024\/12\/ucr-asuncion-vergel1.jpg?resize=300%2C167&amp;ssl=1 300w, https:\/\/i0.wp.com\/cdnoticias.com\/wp-content\/uploads\/2024\/12\/ucr-asuncion-vergel1.jpg?resize=768%2C428&amp;ssl=1 768w, https:\/\/i0.wp.com\/cdnoticias.com\/wp-content\/uploads\/2024\/12\/ucr-asuncion-vergel1.jpg?resize=800%2C445&amp;ssl=1 800w, https:\/\/i0.wp.com\/cdnoticias.com\/wp-content\/uploads\/2024\/12\/ucr-asuncion-vergel1.jpg?w=1072&amp;ssl=1 1072w\" sizes=\"auto, (max-width: 800px) 100vw, 800px\" \/><\/figure>\n\n\n\n<p>Uno a uno,<strong> los nuevos integrantes del organismo directivo boina blanca pasaron a un lugar especial para poder mostrarlos todos juntos, donde hubo varios discursos de valoraci\u00f3n de la unidad de dos sectores antag\u00f3nicos, y tras 20 a\u00f1os de idas y vueltas en internas entre los dirigentes.<\/strong><\/p>\n\n\n\n<figure class=\"wp-block-image size-large\"><img data-recalc-dims=\"1\" loading=\"lazy\" decoding=\"async\" width=\"800\" height=\"445\" src=\"https:\/\/i0.wp.com\/cdnoticias.com\/wp-content\/uploads\/2024\/12\/ucr-asuncion-vergel7.jpg?resize=800%2C445&#038;ssl=1\" alt=\"\" class=\"wp-image-132549\" srcset=\"https:\/\/i0.wp.com\/cdnoticias.com\/wp-content\/uploads\/2024\/12\/ucr-asuncion-vergel7.jpg?resize=1024%2C569&amp;ssl=1 1024w, https:\/\/i0.wp.com\/cdnoticias.com\/wp-content\/uploads\/2024\/12\/ucr-asuncion-vergel7.jpg?resize=300%2C167&amp;ssl=1 300w, https:\/\/i0.wp.com\/cdnoticias.com\/wp-content\/uploads\/2024\/12\/ucr-asuncion-vergel7.jpg?resize=768%2C427&amp;ssl=1 768w, https:\/\/i0.wp.com\/cdnoticias.com\/wp-content\/uploads\/2024\/12\/ucr-asuncion-vergel7.jpg?resize=800%2C445&amp;ssl=1 800w, https:\/\/i0.wp.com\/cdnoticias.com\/wp-content\/uploads\/2024\/12\/ucr-asuncion-vergel7.jpg?w=1072&amp;ssl=1 1072w\" sizes=\"auto, (max-width: 800px) 100vw, 800px\" \/><\/figure>\n\n\n\n<p>Finalmente, <strong>Bel\u00e9n Vergel fue la \u00faltima en sumarse al equipo y hablar ante los presentes, reiterando la alegr\u00eda de poder hacer todas estas actividades \u2013sumadas a un Centro Cultural- en el Comit\u00e9 de la calle 25 de Mayo<\/strong>.<\/p>\n\n\n\n<figure class=\"wp-block-image size-large\"><img data-recalc-dims=\"1\" loading=\"lazy\" decoding=\"async\" width=\"800\" height=\"445\" src=\"https:\/\/i0.wp.com\/cdnoticias.com\/wp-content\/uploads\/2024\/12\/ucr-asuncion-vergel4.jpg?resize=800%2C445&#038;ssl=1\" alt=\"\" class=\"wp-image-132546\" srcset=\"https:\/\/i0.wp.com\/cdnoticias.com\/wp-content\/uploads\/2024\/12\/ucr-asuncion-vergel4.jpg?resize=1024%2C569&amp;ssl=1 1024w, https:\/\/i0.wp.com\/cdnoticias.com\/wp-content\/uploads\/2024\/12\/ucr-asuncion-vergel4.jpg?resize=300%2C167&amp;ssl=1 300w, https:\/\/i0.wp.com\/cdnoticias.com\/wp-content\/uploads\/2024\/12\/ucr-asuncion-vergel4.jpg?resize=768%2C427&amp;ssl=1 768w, https:\/\/i0.wp.com\/cdnoticias.com\/wp-content\/uploads\/2024\/12\/ucr-asuncion-vergel4.jpg?resize=800%2C445&amp;ssl=1 800w, https:\/\/i0.wp.com\/cdnoticias.com\/wp-content\/uploads\/2024\/12\/ucr-asuncion-vergel4.jpg?w=1072&amp;ssl=1 1072w\" sizes=\"auto, (max-width: 800px) 100vw, 800px\" \/><\/figure>\n\n\n\n<p><em><strong>\u201cSomos ejemplo en nuestra ciudad de que elegimos democr\u00e1ticamente a nuestras autoridades y cuando nos sentamos nos podemos poner de acuerdo\u201d<\/strong><\/em> dijo y llam\u00f3 a seguir redoblando esfuerzos y trabajar por el <em><strong>\u201cgran desaf\u00edo\u201d <\/strong><\/em>que es llegar<em><strong> \u201ca la intendencia de Olavarr\u00eda\u201d <\/strong><\/em>entre aplausos de los presentes que acompa\u00f1aron la actividad.<\/p>\n\n\n\n<p><\/p>\n","protected":false},"excerpt":{"rendered":"<p>Fue en un acto este viernes al atardecer. Valor\u00f3 la lista de unidad tras 20 a\u00f1os de elecciones y habl\u00f3<\/p>\n","protected":false},"author":2,"featured_media":132545,"comment_status":"closed","ping_status":"closed","sticky":false,"template":"","format":"standard","meta":{"_jetpack_memberships_contains_paid_content":false,"footnotes":""},"categories":[4,1],"tags":[],"class_list":["post-132541","post","type-post","status-publish","format-standard","has-post-thumbnail","hentry","category-politica","category-portada"],"jetpack_featured_media_url":"https:\/\/i0.wp.com\/cdnoticias.com\/wp-content\/uploads\/2024\/12\/ucr-asuncion-vergel3.jpg?fit=1072%2C596&ssl=1","jetpack_sharing_enabled":true,"_links":{"self":[{"href":"https:\/\/cdnoticias.com\/index.php\/wp-json\/wp\/v2\/posts\/132541","targetHints":{"allow":["GET"]}}],"collection":[{"href":"https:\/\/cdnoticias.com\/index.php\/wp-json\/wp\/v2\/posts"}],"about":[{"href":"https:\/\/cdnoticias.com\/index.php\/wp-json\/wp\/v2\/types\/post"}],"author":[{"embeddable":true,"href":"https:\/\/cdnoticias.com\/index.php\/wp-json\/wp\/v2\/users\/2"}],"replies":[{"embeddable":true,"href":"https:\/\/cdnoticias.com\/index.php\/wp-json\/wp\/v2\/comments?post=132541"}],"version-history":[{"count":0,"href":"https:\/\/cdnoticias.com\/index.php\/wp-json\/wp\/v2\/posts\/132541\/revisions"}],"wp:featuredmedia":[{"embeddable":true,"href":"https:\/\/cdnoticias.com\/index.php\/wp-json\/wp\/v2\/media\/132545"}],"wp:attachment":[{"href":"https:\/\/cdnoticias.com\/index.php\/wp-json\/wp\/v2\/media?parent=132541"}],"wp:term":[{"taxonomy":"category","embeddable":true,"href":"https:\/\/cdnoticias.com\/index.php\/wp-json\/wp\/v2\/categories?post=132541"},{"taxonomy":"post_tag","embeddable":true,"href":"https:\/\/cdnoticias.com\/index.php\/wp-json\/wp\/v2\/tags?post=132541"}],"curies":[{"name":"wp","href":"https:\/\/api.w.org\/{rel}","templated":true}]}}