{"id":13243,"date":"2021-02-08T10:15:08","date_gmt":"2021-02-08T13:15:08","guid":{"rendered":"http:\/\/www.centraldenoticias.com.ar\/?p=13243"},"modified":"2021-02-08T10:15:08","modified_gmt":"2021-02-08T13:15:08","slug":"en-su-nueva-sede-habra-re-apertura-chamulera","status":"publish","type":"post","link":"https:\/\/cdnoticias.com\/index.php\/2021\/02\/08\/en-su-nueva-sede-habra-re-apertura-chamulera\/","title":{"rendered":"En su nueva sede, habr\u00e1 \u201cre-apertura Chamulera\u201d"},"content":{"rendered":"<p>Tras la mudanza y \u201cdespu\u00e9s del caos\u201d, este s\u00e1bado se realizar\u00e1 la actividad con reservas y con protocolos para poder funcionar. Podr\u00e1n ubicarse cuatro personas por mesa.<!--more--><\/p>\n<hr \/>\n<p>Tras casi un a\u00f1o sin actividad, una mudanza, y<strong> \u201cdespu\u00e9s del caos\u201d Chamula prepara todo para su re-apertura chamulera este s\u00e1bado desde las 20.30 horas.<\/strong><\/p>\n<p>&nbsp;<\/p>\n<p><em>\u201cAqu\u00ed estamos, en un nuevo lugar, en nuestra nueva casita del \u00e1rbol\u201d<\/em> indicaron en redes sociales. <strong>En la actividad habr\u00e1 circo, teatro, m\u00fasica y mucho m\u00e1s, todo bajo estrictos protocolos que los integrantes del espacio cultural autogestivo detallaron.<\/strong><\/p>\n<p>&nbsp;<\/p>\n<p><strong>El evento ser\u00e1 \u201ccon reserva\u201d<\/strong> y \u201ces prioridad llevar barbijo. Se les pondr\u00e1 alcohol en las manitos al ingresar, adem\u00e1s de nuestro m\u00e1ximo higiene en las mesas para esperarlos\u201d. <strong>El m\u00e1ximo es de 4 personas por mesa, y se pidi\u00f3 que en caso de cancelar se debe \u201cavisar con tiempo\u201d para darle lugar a otros, dado que la capacidad \u201ces limitada\u201d.<\/strong><\/p>\n<p>&nbsp;<\/p>\n<p>Adem\u00e1s de todas las alternativas art\u00edsticas que ofrece el espacio, estar\u00e1 disponible <strong><em>\u201cnuestra cantina con bebida y pizza para pasar una noche de re-encuentro hermosa\u201d.<\/em><\/strong> La idea, claro est\u00e1, es \u201ccelebrar\u201d la reapertura con el p\u00fablico, aunque sea de una forma completamente distinta.<\/p>\n","protected":false},"excerpt":{"rendered":"<p>Tras la mudanza y \u201cdespu\u00e9s del caos\u201d, este s\u00e1bado se realizar\u00e1 la actividad con reservas y con protocolos para poder<\/p>\n","protected":false},"author":2,"featured_media":13244,"comment_status":"closed","ping_status":"closed","sticky":false,"template":"","format":"standard","meta":{"_jetpack_memberships_contains_paid_content":false,"footnotes":""},"categories":[9,1],"tags":[],"class_list":["post-13243","post","type-post","status-publish","format-standard","has-post-thumbnail","hentry","category-cultura","category-portada"],"jetpack_featured_media_url":"https:\/\/i0.wp.com\/cdnoticias.com\/wp-content\/uploads\/2021\/02\/144580018_2827028544283768_2692200944001622597_n.jpg?fit=840%2C538&ssl=1","jetpack_sharing_enabled":true,"_links":{"self":[{"href":"https:\/\/cdnoticias.com\/index.php\/wp-json\/wp\/v2\/posts\/13243","targetHints":{"allow":["GET"]}}],"collection":[{"href":"https:\/\/cdnoticias.com\/index.php\/wp-json\/wp\/v2\/posts"}],"about":[{"href":"https:\/\/cdnoticias.com\/index.php\/wp-json\/wp\/v2\/types\/post"}],"author":[{"embeddable":true,"href":"https:\/\/cdnoticias.com\/index.php\/wp-json\/wp\/v2\/users\/2"}],"replies":[{"embeddable":true,"href":"https:\/\/cdnoticias.com\/index.php\/wp-json\/wp\/v2\/comments?post=13243"}],"version-history":[{"count":0,"href":"https:\/\/cdnoticias.com\/index.php\/wp-json\/wp\/v2\/posts\/13243\/revisions"}],"wp:featuredmedia":[{"embeddable":true,"href":"https:\/\/cdnoticias.com\/index.php\/wp-json\/wp\/v2\/media\/13244"}],"wp:attachment":[{"href":"https:\/\/cdnoticias.com\/index.php\/wp-json\/wp\/v2\/media?parent=13243"}],"wp:term":[{"taxonomy":"category","embeddable":true,"href":"https:\/\/cdnoticias.com\/index.php\/wp-json\/wp\/v2\/categories?post=13243"},{"taxonomy":"post_tag","embeddable":true,"href":"https:\/\/cdnoticias.com\/index.php\/wp-json\/wp\/v2\/tags?post=13243"}],"curies":[{"name":"wp","href":"https:\/\/api.w.org\/{rel}","templated":true}]}}