{"id":132421,"date":"2024-12-11T20:36:02","date_gmt":"2024-12-11T23:36:02","guid":{"rendered":"https:\/\/cdnoticias.com\/?p=132421"},"modified":"2024-12-12T10:33:00","modified_gmt":"2024-12-12T13:33:00","slug":"para-la-justicia-los-acusados-idearon-juntos-el-plan-para-asesinar-a-carlos-cordero","status":"publish","type":"post","link":"https:\/\/cdnoticias.com\/index.php\/2024\/12\/11\/para-la-justicia-los-acusados-idearon-juntos-el-plan-para-asesinar-a-carlos-cordero\/","title":{"rendered":"Para la Justicia, los acusados \u201cidearon juntos\u201d el plan para asesinar a Carlos Cordero"},"content":{"rendered":"\n<p>El Tribunal Oral en lo Criminal N.\u00ba 2 de Azul conden\u00f3 a penas de 25 y 20 a\u00f1os de prisi\u00f3n a la pareja acusada por el violento homicidio ocurrido a fines de junio de 2019. Las juezas coincidieron en que fue clave el rol de los dos imputados para cometer el crimen. <\/p>\n\n\n\n<hr class=\"wp-block-separator aligncenter has-alpha-channel-opacity\"\/>\n\n\n\n<p><strong><em>Dar\u00edo Machado | Especial para Central de Noticias<\/em><\/strong><\/p>\n\n\n\n<p>De manera un\u00e1nime,<strong> las juezas que conformaron el Tribunal Oral en lo Criminal N.\u00ba 2 del Departamento Judicial de Azul condenaron en las \u00faltimas horas a Claudio Daniel Ibarra y a Anabella Mar\u00eda Jos\u00e9 Landalde a penas de 25 y 20 a\u00f1os de prisi\u00f3n<\/strong>, por ser considerados autores del homicidio de Carlos Cordero.<\/p>\n\n\n\n<p>El olavarriense de 60 a\u00f1os fue asesinado en horas del mediod\u00eda del 26 de junio de 2019, y su cuerpo fue hallado descuartizado y carbonizado diez d\u00edas despu\u00e9s en un predio ubicado sobre ruta 226 a la altura de Alberdi. Entre los meses de octubre y noviembre se desarrollaron siete audiencias correspondientes al juicio oral y p\u00fablico en el que se ventilaron las circunstancias en qu\u00e9 ocurri\u00f3 el crimen de Cordero, y el rol que cumplieron cada uno de los acusados.<\/p>\n\n\n\n<p>En el fallo de m\u00e1s de 100 fojas las juezas In\u00e9s Hayde\u00e9 Olmedo, Mar\u00eda Alejandra Raverta y Silvia Araceli Torres condenaron a <strong>Ibarra a la pena de 25 a\u00f1os de prisi\u00f3n por ser considerado autor del delito de \u201chomicidio simple agravado por el uso de arma de fuego\u201d<\/strong>, mientras que <strong>Landalde fue condenada a una pena de 20 a\u00f1os de prisi\u00f3n por ser responsable del mismo delito en calidad de part\u00edcipe primaria<\/strong>.<\/p>\n\n\n\n<p>En la sentencia, a la que tuvo acceso este medio, se establece que \u201cambos imputados, participaron en el \u2018iter criminis\u2019, <em>idearon juntos un plan que llevaron adelante y luego lo concretaron<\/em>\u201d.<\/p>\n\n\n\n<p>Por un lado, <strong>Landalde<\/strong>, de 27 a\u00f1os, \u201cprest\u00f3 su colaboraci\u00f3n indispensable para la concreci\u00f3n del resultado obtenido, atento que sin su participaci\u00f3n el hecho no se hubiera podido llevar adelante, <strong>ella atrajo a la v\u00edctima a su domicilio, porque ten\u00eda una relaci\u00f3n previa de cliente por el servicio de prostituci\u00f3n que ejerc\u00eda, siendo este el medio id\u00f3neo que ambos eligieron para cooptarlo<\/strong> y luego ya en el lugar, dominando el evento en curso se encontraba Ibarra, quien portando un arma de fuego, le dispar\u00f3 a la v\u00edctima ocasion\u00e1ndole la muerte\u201d.<\/p>\n\n\n\n<p>Mientras tanto, <strong>Ibarra<\/strong> es considerado autor del homicidio ocurrido en el domicilio de Pourtal\u00e9 al 2200 de nuestra ciudad porque \u201c<strong>sab\u00eda c\u00f3mo usar un arma y utiliz\u00f3 una tipo escopeta,<\/strong> cuyo disparo a corta distancia le aseguraba el resultado querido, se represent\u00f3 la posible o probable consecuencia letal que su accionar producir\u00eda y lo ejecut\u00f3 sin dudarlo\u201d. Adem\u00e1s, se aclara que actu\u00f3 \u201ccon la conciencia y voluntad de que con su accionar ocasionar\u00eda la muerte de Cordero\u201d.<\/p>\n\n\n\n<p class=\"has-large-font-size\"><strong>Abrumadora prueba<\/strong><\/p>\n\n\n\n<p>A lo largo del fallo se recuperan m\u00e1s de 40 declaraciones presentadas en del juicio desarrollado en los Tribunales de Azul, por el que pasaron familiares y amigos de la v\u00edctima, conocidos de Ibarra Arrieta, efectivos policiales, personal de Bomberos Voluntarios, peritos forenses, entre otros. A partir de estos testimonios y de otra serie de documentaciones recuperadas en el debate, las juezas indicaron que <strong>la \u201cabrumadora prueba producida en el debate\u201d es suficiente para sostener de manera inobjetable la imputaci\u00f3n contra Ibarra y Landalde<\/strong>.<\/p>\n\n\n\n<p>En l\u00ednea con lo expuesto por la fiscal Mar\u00eda Paula Serrano, titular de la Unidad Funcional de Instrucci\u00f3n N.\u00ba 4 de Olavarr\u00eda desde la que se llev\u00f3 adelante la investigaci\u00f3n por el homicidio de Cordero, en el fallo se sostiene que fue asesinado el mismo d\u00eda de su desaparici\u00f3n en el domicilio de Pourtal\u00e9 al 2200.<\/p>\n\n\n\n<p>En la ma\u00f1ana del 26 de junio de 2019 la v\u00edctima se comunic\u00f3 telef\u00f3nicamente con Landalde y se dirigi\u00f3 en su veh\u00edculo Ford Fiesta a dicha vivienda con el presunto objetivo de mantener una cita sexual con la joven, con quien ya hab\u00eda tenido encuentros con anterioridad. All\u00ed, el fallo refiere que, si bien no se conoce con claridad c\u00f3mo fue el suceso de hechos en el interior del domicilio, se presume que al ingresar \u201cse encontr\u00f3 con los dos encartados, <strong>portando Ibarra un arma de fuego tipo escopeta 12\/70, quien a corta distancia le efectu\u00f3 un disparo que impact\u00f3 en su rostro del lado izquierdo, provoc\u00e1ndole la muerte<\/strong>\u201d.<\/p>\n\n\n\n<p>Aunque no se revelaron las circunstancias que llevaron al crimen de Cordero, s\u00ed se expuso que Landalde e Ibarra sol\u00edan convocar al domicilio de Pourtal\u00e9 al 2200 a potenciales v\u00edctimas con la excusa que iban a tener un encuentro \u00edntimo con la joven y luego \u201cIbarra los despojaba de sus objetos personales de valor, intimid\u00e1ndolas mediante una golpiza\u201d. No se descarta que Cordero se haya intentado defender de una situaci\u00f3n de estas caracter\u00edsticas, y en ese contexto fue asesinado.<\/p>\n\n\n\n<p class=\"has-large-font-size\"><strong>Fuego y sangre<\/strong><\/p>\n\n\n\n<p>En la ma\u00f1ana del d\u00eda siguiente al crimen, y cuando ya su familia hab\u00eda denunciado la desaparici\u00f3n, el veh\u00edculo de Cordero fue encontrado en cercan\u00edas de calle 5 y avenida Col\u00f3n. A partir del registro de las c\u00e1maras de seguridad de la ciudad se pudo determinar que alrededor de las 13.30 del 26 de junio de 2019 el autom\u00f3vil fue trasladado a este punto por el propio Ibarra Arrieta, quien lo prendi\u00f3 fuego, \u201cborrando as\u00ed todo rastro probatorio que los pudiera comprometer\u201d.<\/p>\n\n\n\n<p>Los restos de Cordero fueron hallados reci\u00e9n en la ma\u00f1ana del s\u00e1bado 6 de julio, luego de 10 d\u00edas de intensa b\u00fasqueda, en el santuario del Gauchito Gil ubicado en la Ruta Nacional 226 y avenida Alberdi, sector que ya hab\u00eda sido rastrillado. El cuerpo se encontraba calcinado y desmembrado, por lo que reci\u00e9n se pudo identificar que se trataba del olavarriense desaparecido semanas m\u00e1s tarde, a partir de una prueba de ADN con una muestra de sangre tomada a la hija de la v\u00edctima.<\/p>\n\n\n\n<p>En el fallo se sostiene que <strong>el cuerpo fue desmembrado en la misma vivienda de Pourtal\u00e9 al 2200<\/strong>, en la que canes especializados identificaron que hab\u00eda estado la v\u00edctima en restos de un colch\u00f3n carbonizado. Adem\u00e1s, <strong>en este domicilio se secuestraron diversos elementos con rastros de sangre, los que dieron como resultado la existencia de ADN de Cordero y de Landalde<\/strong>.<\/p>\n\n\n\n<p>Finalmente, u<strong>na de las pruebas principales que se present\u00f3 tambi\u00e9n en el juicio es la fotograf\u00eda recuperada del tel\u00e9fono que compart\u00edan Ibarra y Landalde<\/strong>, donde <strong>se ve a la v\u00edctima fallecida con un disparo en el rostro del lado izquierdo y a su lado Ibarra mientras mira la c\u00e1mara y \u201cen posici\u00f3n de cuclillas, en pose que se asemeja a la de un cazador con su presa<\/strong>, con una escopeta calibre 12\/70\u201d.<\/p>\n","protected":false},"excerpt":{"rendered":"<p>El Tribunal Oral en lo Criminal N.\u00ba 2 de Azul conden\u00f3 a penas de 25 y 20 a\u00f1os de prisi\u00f3n<\/p>\n","protected":false},"author":2,"featured_media":69276,"comment_status":"closed","ping_status":"closed","sticky":false,"template":"","format":"standard","meta":{"_jetpack_memberships_contains_paid_content":false,"footnotes":""},"categories":[14,1],"tags":[],"class_list":["post-132421","post","type-post","status-publish","format-standard","has-post-thumbnail","hentry","category-policiales","category-portada"],"jetpack_featured_media_url":"https:\/\/i0.wp.com\/cdnoticias.com\/wp-content\/uploads\/2022\/11\/caso-cordero-ibarra-arrieta-detenido.jpg?fit=800%2C445&ssl=1","jetpack_sharing_enabled":true,"_links":{"self":[{"href":"https:\/\/cdnoticias.com\/index.php\/wp-json\/wp\/v2\/posts\/132421","targetHints":{"allow":["GET"]}}],"collection":[{"href":"https:\/\/cdnoticias.com\/index.php\/wp-json\/wp\/v2\/posts"}],"about":[{"href":"https:\/\/cdnoticias.com\/index.php\/wp-json\/wp\/v2\/types\/post"}],"author":[{"embeddable":true,"href":"https:\/\/cdnoticias.com\/index.php\/wp-json\/wp\/v2\/users\/2"}],"replies":[{"embeddable":true,"href":"https:\/\/cdnoticias.com\/index.php\/wp-json\/wp\/v2\/comments?post=132421"}],"version-history":[{"count":0,"href":"https:\/\/cdnoticias.com\/index.php\/wp-json\/wp\/v2\/posts\/132421\/revisions"}],"wp:featuredmedia":[{"embeddable":true,"href":"https:\/\/cdnoticias.com\/index.php\/wp-json\/wp\/v2\/media\/69276"}],"wp:attachment":[{"href":"https:\/\/cdnoticias.com\/index.php\/wp-json\/wp\/v2\/media?parent=132421"}],"wp:term":[{"taxonomy":"category","embeddable":true,"href":"https:\/\/cdnoticias.com\/index.php\/wp-json\/wp\/v2\/categories?post=132421"},{"taxonomy":"post_tag","embeddable":true,"href":"https:\/\/cdnoticias.com\/index.php\/wp-json\/wp\/v2\/tags?post=132421"}],"curies":[{"name":"wp","href":"https:\/\/api.w.org\/{rel}","templated":true}]}}