{"id":132407,"date":"2024-12-11T18:33:54","date_gmt":"2024-12-11T21:33:54","guid":{"rendered":"https:\/\/cdnoticias.com\/?p=132407"},"modified":"2024-12-11T20:36:19","modified_gmt":"2024-12-11T23:36:19","slug":"la-inflacion-de-noviembre-fue-de-24-y-acumula-112-en-el-ano","status":"publish","type":"post","link":"https:\/\/cdnoticias.com\/index.php\/2024\/12\/11\/la-inflacion-de-noviembre-fue-de-24-y-acumula-112-en-el-ano\/","title":{"rendered":"La inflaci\u00f3n de noviembre fue de 2,4% y acumula 112% en el a\u00f1o"},"content":{"rendered":"\n<p>Es la inflaci\u00f3n m\u00e1s baja desde julio de 2020, 1,9% en los primeros meses de la pandemia. El segmento de mayor aumento durante noviembre fue \u201cEducaci\u00f3n\u201d, con un incremento del 5,1%.&nbsp;<\/p>\n\n\n\n<hr class=\"wp-block-separator aligncenter has-alpha-channel-opacity\"\/>\n\n\n\n<p>La <strong>inflaci\u00f3n registr\u00f3 en noviembre una suba mensual de 2,4%,<\/strong> en tanto que<strong> el acumulado anual alcanz\u00f3 un 112%.\u00a0<\/strong>En la comparaci\u00f3n interanual,<strong> lleg\u00f3 al 166%, <\/strong>de acuerdo con el \u00cdndice de Precios al Consumidor (IPC) difundido esta tarde por el Indec (Instituto Nacional de Estad\u00edstica y Censos).\u00a0<\/p>\n\n\n\n<p><\/p>\n\n\n\n<p>Este<strong> 2,4% <\/strong>est\u00e1 por debajo del 2,7% del mes pasado, y <strong>es la inflaci\u00f3n m\u00e1s baja desde julio de 2020<\/strong>, 1,9% en los primeros meses de la pandemia. Apenas conocido el dato oficial del Indec, el ministro de Econom\u00eda, Luis Caputo, lo celebr\u00f3 en las redes sociales. \u201c2,4% inflaci\u00f3n minorista noviembre. La m\u00e1s baja desde julio 2020\u201d, y repas\u00f3: <strong>\u201cAlimentos, 0,9%; bienes, 1,6%; Canasta B\u00e1sica Alimentaria, 1,1%; Canasta B\u00e1sica Total, 1,5%\u201d.\u00a0<\/strong><\/p>\n\n\n\n<p><\/p>\n\n\n\n<p>\u201cEl proceso de desinflaci\u00f3n contin\u00faa, cada vez m\u00e1s cerca de bajar el crawling peg al 1%\u201d, escribi\u00f3 junto a emojis de la bandera argentina. Por su parte, el presidente Javier Milei retuite\u00f3 publicaciones que dan cuenta de la desaceleraci\u00f3n de la inflaci\u00f3n.<\/p>\n\n\n\n<p><\/p>\n\n\n\n<blockquote class=\"wp-block-quote is-layout-flow wp-block-quote-is-layout-flow\">\n<p>El segmento de mayor aumento durante noviembre fue \u201cEducaci\u00f3n\u201d, con un incremento del 5,1%, seguido de \u201cVivienda, agua, electricidad, gas y otros combustibles\u201d, que creci\u00f3 4,5%. Este \u00faltimo rubro se vio impulsado principalmente por las subas en alquileres y servicios p\u00fablicos.<\/p>\n<\/blockquote>\n\n\n\n<p><\/p>\n\n\n\n<p>En contraposici\u00f3n, los <strong>menores aumentos se registraron en \u201cEquipamiento y mantenimiento del hogar\u201d (1,5%) y en \u201cAlimentos y bebidas no alcoh\u00f3licas\u201d <\/strong>(0,9%), un dato relevante para la canasta b\u00e1sica.<\/p>\n\n\n\n<p><\/p>\n\n\n\n<p>Los bienes tuvieron una<strong> variaci\u00f3n del 1,6%, <\/strong>mientras que los servicios mostraron un <strong>incremento del 4,4%,<\/strong> evidenciando un mayor impacto de los costos regulados y estacionales en el \u00faltimo mes.<\/p>\n\n\n\n<p><\/p>\n\n\n\n<blockquote class=\"wp-block-quote is-layout-flow wp-block-quote-is-layout-flow\">\n<p>En lo que va del a\u00f1o, la inflaci\u00f3n acumulada se ubica en el 112%, con fuertes aumentos en rubros como \u201cVivienda, agua, electricidad y combustibles\u201d (230,7%) y \u201cSalud\u201d (114,5%).<\/p>\n<\/blockquote>\n\n\n\n<p><\/p>\n\n\n\n<h2 class=\"wp-block-heading\"><strong>Detalle por rubros<\/strong><\/h2>\n\n\n\n<ul class=\"wp-block-list\">\n<li>\u201cAlimentos y bebidas no alcoh\u00f3licas\u201d: experiment\u00f3 un alza del 0,9%.<\/li>\n<\/ul>\n\n\n\n<ul class=\"wp-block-list\">\n<li>\u201cBebidas alcoh\u00f3licas y tabaco\u201d: registr\u00f3 un incremento del 4,0%.<\/li>\n<\/ul>\n\n\n\n<ul class=\"wp-block-list\">\n<li>\u201cPrendas de vestir y calzado\u201d: aument\u00f3 un 1,9%.<\/li>\n<\/ul>\n\n\n\n<ul class=\"wp-block-list\">\n<li>\u201cTransporte\u201d: aumento del 3,4%.<\/li>\n<\/ul>\n\n\n\n<ul class=\"wp-block-list\">\n<li>\u201cRecreaci\u00f3n y cultura\u201d: este rubro subi\u00f3 un 3,0%.<\/li>\n<\/ul>\n\n\n\n<ul class=\"wp-block-list\">\n<li>\u201cSalud\u201d: suba del 2,9%, atribuible principalmente a aumentos en medicamentos y servicios de prepagas (+4,6%).<\/li>\n<\/ul>\n\n\n\n<ul class=\"wp-block-list\">\n<li>\u201cRestoranes y hoteles\u201d: alza del 3,6%.<\/li>\n<\/ul>\n\n\n\n<ul class=\"wp-block-list\">\n<li>\u201cBienes y servicios varios\u201d: presentaron un aumento promedio del 2,3%.<\/li>\n<\/ul>\n\n\n\n<p><\/p>\n\n\n\n<p><em>Fuente: DIB <\/em><\/p>\n\n\n\n<p><\/p>\n\n\n\n<p><\/p>\n","protected":false},"excerpt":{"rendered":"<p>Es la inflaci\u00f3n m\u00e1s baja desde julio de 2020, 1,9% en los primeros meses de la pandemia. El segmento de<\/p>\n","protected":false},"author":6,"featured_media":130717,"comment_status":"closed","ping_status":"closed","sticky":false,"template":"","format":"standard","meta":{"_jetpack_memberships_contains_paid_content":false,"footnotes":""},"categories":[6,1],"tags":[],"class_list":["post-132407","post","type-post","status-publish","format-standard","has-post-thumbnail","hentry","category-nacionales","category-portada"],"jetpack_featured_media_url":"https:\/\/i0.wp.com\/cdnoticias.com\/wp-content\/uploads\/2024\/11\/DIB-supermercado-ventas-precios.jpg?fit=800%2C445&ssl=1","jetpack_sharing_enabled":true,"_links":{"self":[{"href":"https:\/\/cdnoticias.com\/index.php\/wp-json\/wp\/v2\/posts\/132407","targetHints":{"allow":["GET"]}}],"collection":[{"href":"https:\/\/cdnoticias.com\/index.php\/wp-json\/wp\/v2\/posts"}],"about":[{"href":"https:\/\/cdnoticias.com\/index.php\/wp-json\/wp\/v2\/types\/post"}],"author":[{"embeddable":true,"href":"https:\/\/cdnoticias.com\/index.php\/wp-json\/wp\/v2\/users\/6"}],"replies":[{"embeddable":true,"href":"https:\/\/cdnoticias.com\/index.php\/wp-json\/wp\/v2\/comments?post=132407"}],"version-history":[{"count":0,"href":"https:\/\/cdnoticias.com\/index.php\/wp-json\/wp\/v2\/posts\/132407\/revisions"}],"wp:featuredmedia":[{"embeddable":true,"href":"https:\/\/cdnoticias.com\/index.php\/wp-json\/wp\/v2\/media\/130717"}],"wp:attachment":[{"href":"https:\/\/cdnoticias.com\/index.php\/wp-json\/wp\/v2\/media?parent=132407"}],"wp:term":[{"taxonomy":"category","embeddable":true,"href":"https:\/\/cdnoticias.com\/index.php\/wp-json\/wp\/v2\/categories?post=132407"},{"taxonomy":"post_tag","embeddable":true,"href":"https:\/\/cdnoticias.com\/index.php\/wp-json\/wp\/v2\/tags?post=132407"}],"curies":[{"name":"wp","href":"https:\/\/api.w.org\/{rel}","templated":true}]}}