{"id":132385,"date":"2024-12-13T17:01:23","date_gmt":"2024-12-13T20:01:23","guid":{"rendered":"https:\/\/cdnoticias.com\/?p=132385"},"modified":"2024-12-13T17:01:25","modified_gmt":"2024-12-13T20:01:25","slug":"facso-gran-marco-de-publico-en-el-curso-de-lengua-de-senas","status":"publish","type":"post","link":"https:\/\/cdnoticias.com\/index.php\/2024\/12\/13\/facso-gran-marco-de-publico-en-el-curso-de-lengua-de-senas\/","title":{"rendered":"FACSO: Gran marco de p\u00fablico en el Curso de Lengua de Se\u00f1as\u00a0"},"content":{"rendered":"\n<p>En el Centro Cultural Universitario se llev\u00f3 adelante una exitosa jornada organizada por el Laboratorio de Idiomas de la Facultad de Ciencias Sociales, junto al Instituto de Ense\u00f1anza Oral.<\/p>\n\n\n\n<hr class=\"wp-block-separator aligncenter has-alpha-channel-opacity\"\/>\n\n\n\n<p>El pasado s\u00e1bado se llev\u00f3 adelante un encuentro en la sede del <strong>Centro Cultural Universitario<\/strong>, donde se desarroll\u00f3 una<strong> jornada sobre la relevancia del uso y aprendizaje de la Lengua de Se\u00f1as Argentina.<\/strong><\/p>\n\n\n\n<p><\/p>\n\n\n\n<p>La propuesta, que cont\u00f3 con un <strong>importante marco de p\u00fablico de distintas edades<\/strong>, fue organizada por el Nivel A2 del <strong>Curso de Lengua de Se\u00f1as del Laboratorio de Idiomas de la Facultad de Ciencias Sociales<\/strong>, a cargo de la Profesora Noelia Diaz y el <strong>instructor sordo Agust\u00edn Vitale,<\/strong> junto a integrantes del Instituto de Ense\u00f1anza Oral (IDEO).<\/p>\n\n\n\n<p><\/p>\n\n\n\n<p>De manera inicial, <strong>Agust\u00edn Vitale <\/strong>junto a dos estudiantes del curso de Lengua de Se\u00f1as<strong> presentaron el abecedario en Lengua de Se\u00f1as, as\u00ed como los n\u00fameros hasta el 20. <\/strong>Posteriormente, se formaron postas en distintas salas del Centro Cultural Universitario, en las que se trabaj\u00f3 acerca de <strong>palabras y expresiones vinculadas a la vida cotidiana, <\/strong>y ense\u00f1aron como se expresan en Lengua de Se\u00f1as.\u00a0<\/p>\n\n\n\n<p><\/p>\n\n\n\n<figure class=\"wp-block-image aligncenter size-full\"><img data-recalc-dims=\"1\" loading=\"lazy\" decoding=\"async\" width=\"800\" height=\"451\" src=\"https:\/\/i0.wp.com\/cdnoticias.com\/wp-content\/uploads\/2024\/12\/lengua-de-senas-facso-ccu2.png?resize=800%2C451&#038;ssl=1\" alt=\"\" class=\"wp-image-132387\" srcset=\"https:\/\/i0.wp.com\/cdnoticias.com\/wp-content\/uploads\/2024\/12\/lengua-de-senas-facso-ccu2.png?w=890&amp;ssl=1 890w, https:\/\/i0.wp.com\/cdnoticias.com\/wp-content\/uploads\/2024\/12\/lengua-de-senas-facso-ccu2.png?resize=300%2C169&amp;ssl=1 300w, https:\/\/i0.wp.com\/cdnoticias.com\/wp-content\/uploads\/2024\/12\/lengua-de-senas-facso-ccu2.png?resize=768%2C433&amp;ssl=1 768w\" sizes=\"auto, (max-width: 800px) 100vw, 800px\" \/><\/figure>\n\n\n\n<p><\/p>\n\n\n\n<blockquote class=\"wp-block-quote is-layout-flow wp-block-quote-is-layout-flow\">\n<p>Entre los temas presentados se abord\u00f3 c\u00f3mo se hace referencia a los v\u00ednculos familiares, situaciones referidas a la educaci\u00f3n, el deporte o la salud, y tambi\u00e9n otras acciones comunes como correr, mirar, comer y caminar.<\/p>\n<\/blockquote>\n\n\n\n<p><\/p>\n\n\n\n<p>Antes del cierre, <strong>los\/as estudiantes y docentes presentaron una obra de teatro <\/strong>que se llev\u00f3 todos los aplausos, en la que expusieron una situaci\u00f3n en la que la mayor\u00eda de las personas son hipoac\u00fasicas y se comunican mediante Lengua de Se\u00f1as, pero una de ellas intenta comunicarse mediante el habla y no logra hacerlo. Al final presentaron un cartel con la leyenda &#8220;\u00bfqu\u00e9 har\u00edas vos en esta situaci\u00f3n?&#8221;.<\/p>\n\n\n\n<p><\/p>\n\n\n\n<p>El objetivo de la propuesta fue <strong>problematizar y poner en debate<\/strong> acerca de la <strong>importancia de que toda la comunidad pueda conocer y aprender a comunicarse mediante Lengua de Se\u00f1as.<\/strong><\/p>\n\n\n\n<p><\/p>\n\n\n\n<figure class=\"wp-block-image aligncenter size-full\"><img data-recalc-dims=\"1\" loading=\"lazy\" decoding=\"async\" width=\"800\" height=\"422\" src=\"https:\/\/i0.wp.com\/cdnoticias.com\/wp-content\/uploads\/2024\/12\/lengua-de-senas-facso-ccu1.png?resize=800%2C422&#038;ssl=1\" alt=\"\" class=\"wp-image-132388\" srcset=\"https:\/\/i0.wp.com\/cdnoticias.com\/wp-content\/uploads\/2024\/12\/lengua-de-senas-facso-ccu1.png?w=888&amp;ssl=1 888w, https:\/\/i0.wp.com\/cdnoticias.com\/wp-content\/uploads\/2024\/12\/lengua-de-senas-facso-ccu1.png?resize=300%2C158&amp;ssl=1 300w, https:\/\/i0.wp.com\/cdnoticias.com\/wp-content\/uploads\/2024\/12\/lengua-de-senas-facso-ccu1.png?resize=768%2C405&amp;ssl=1 768w, https:\/\/i0.wp.com\/cdnoticias.com\/wp-content\/uploads\/2024\/12\/lengua-de-senas-facso-ccu1.png?resize=390%2C205&amp;ssl=1 390w\" sizes=\"auto, (max-width: 800px) 100vw, 800px\" \/><\/figure>\n\n\n\n<p><\/p>\n","protected":false},"excerpt":{"rendered":"<p>En el Centro Cultural Universitario se llev\u00f3 adelante una exitosa jornada organizada por el Laboratorio de Idiomas de la Facultad<\/p>\n","protected":false},"author":6,"featured_media":132389,"comment_status":"closed","ping_status":"closed","sticky":false,"template":"","format":"standard","meta":{"_jetpack_memberships_contains_paid_content":false,"footnotes":""},"categories":[5,1],"tags":[],"class_list":["post-132385","post","type-post","status-publish","format-standard","has-post-thumbnail","hentry","category-informacion-general","category-portada"],"jetpack_featured_media_url":"https:\/\/i0.wp.com\/cdnoticias.com\/wp-content\/uploads\/2024\/12\/lengua-de-senas-facso-ccu.png?fit=886%2C484&ssl=1","jetpack_sharing_enabled":true,"_links":{"self":[{"href":"https:\/\/cdnoticias.com\/index.php\/wp-json\/wp\/v2\/posts\/132385","targetHints":{"allow":["GET"]}}],"collection":[{"href":"https:\/\/cdnoticias.com\/index.php\/wp-json\/wp\/v2\/posts"}],"about":[{"href":"https:\/\/cdnoticias.com\/index.php\/wp-json\/wp\/v2\/types\/post"}],"author":[{"embeddable":true,"href":"https:\/\/cdnoticias.com\/index.php\/wp-json\/wp\/v2\/users\/6"}],"replies":[{"embeddable":true,"href":"https:\/\/cdnoticias.com\/index.php\/wp-json\/wp\/v2\/comments?post=132385"}],"version-history":[{"count":0,"href":"https:\/\/cdnoticias.com\/index.php\/wp-json\/wp\/v2\/posts\/132385\/revisions"}],"wp:featuredmedia":[{"embeddable":true,"href":"https:\/\/cdnoticias.com\/index.php\/wp-json\/wp\/v2\/media\/132389"}],"wp:attachment":[{"href":"https:\/\/cdnoticias.com\/index.php\/wp-json\/wp\/v2\/media?parent=132385"}],"wp:term":[{"taxonomy":"category","embeddable":true,"href":"https:\/\/cdnoticias.com\/index.php\/wp-json\/wp\/v2\/categories?post=132385"},{"taxonomy":"post_tag","embeddable":true,"href":"https:\/\/cdnoticias.com\/index.php\/wp-json\/wp\/v2\/tags?post=132385"}],"curies":[{"name":"wp","href":"https:\/\/api.w.org\/{rel}","templated":true}]}}