{"id":132380,"date":"2024-12-11T16:27:09","date_gmt":"2024-12-11T19:27:09","guid":{"rendered":"https:\/\/cdnoticias.com\/?p=132380"},"modified":"2024-12-11T16:27:11","modified_gmt":"2024-12-11T19:27:11","slug":"caida-de-whatsapp-instagram-y-facebook-millones-de-usuarios-afectados-a-nivel-mundial","status":"publish","type":"post","link":"https:\/\/cdnoticias.com\/index.php\/2024\/12\/11\/caida-de-whatsapp-instagram-y-facebook-millones-de-usuarios-afectados-a-nivel-mundial\/","title":{"rendered":"Ca\u00edda de WhatsApp, Instagram y Facebook: millones de usuarios afectados a nivel mundial"},"content":{"rendered":"\n<p>Hace poco m\u00e1s de una hora, las plataformas WhatsApp, Instagram y Facebook, pertenecientes a la empresa Meta, registraron una ca\u00edda global que ha dejado incomunicados a millones de usuarios. El fallo afecta tanto a la aplicaci\u00f3n m\u00f3vil como a las versiones de escritorio de las redes sociales.<\/p>\n\n\n\n<hr class=\"wp-block-separator aligncenter has-alpha-channel-opacity\"\/>\n\n\n\n<p>Las redes sociales m\u00e1s &#8220;indispensables&#8221; para la vida cotidiana o las tareas laborales dejaron de funcionar y generaron problemas en todo el mundo. Hace poco m\u00e1s de una hora<strong>, las plataformas WhatsApp, Instagram y Facebook, pertenecientes a la empresa Meta, registraron una ca\u00edda global. El fallo afecta tanto a la aplicaci\u00f3n m\u00f3vil como a las versiones de escritorio de las redes sociales.<\/strong><\/p>\n\n\n\n<p class=\"has-medium-font-size\">El problema inici\u00f3 de manera simult\u00e1nea<\/p>\n\n\n\n<p>De acuerdo con reportes de usuarios y el sitio especializado Downdetector, <strong>las fallas comenzaron alrededor de las 15:00 horas, y r\u00e1pidamente se convirtieron en tendencia en otras plataformas como X (ex Twitter). Los problemas m\u00e1s frecuentes incluyen la imposibilidad de enviar y recibir mensajes en WhatsApp, la falta de actualizaci\u00f3n del feed en Instagram y la imposibilidad de acceder a Facebook.<\/strong><\/p>\n\n\n\n<p>Hasta el momento, <strong>Meta no ha emitido un comunicado oficial sobre las causas de la interrupci\u00f3n,<\/strong> aunque se estima que puede tratarse de un problema en los servidores centrales que administran el tr\u00e1fico global de estas plataformas.<\/p>\n\n\n\n<p class=\"has-medium-font-size\">Impacto en los usuarios y negocios<\/p>\n\n\n\n<p><strong>La ca\u00edda de estas aplicaciones tiene un impacto significativo no solo a nivel personal, donde millones dependen de WhatsApp para su comunicaci\u00f3n diaria, sino tambi\u00e9n en el \u00e1mbito comercial.<\/strong> Empresas, emprendedores y servicios que utilizan Instagram y Facebook Ads han visto interrumpida su actividad habitual, lo que puede generar p\u00e9rdidas econ\u00f3micas considerables.<\/p>\n\n\n\n<p class=\"has-medium-font-size\">Reacciones y alternativas temporales<\/p>\n\n\n\n<p>Ante la imposibilidad de utilizar las aplicaciones de Meta,<strong> muchos usuarios han recurrido a plataformas alternativas como Telegram, Signal o X para continuar con sus conversaciones y mantenerse informados. <\/strong>La etiqueta #WhatsAppDown ya acumula miles de menciones a nivel global.<\/p>\n\n\n\n<p>Por ahora, la situaci\u00f3n se mantiene sin resolverse y los usuarios est\u00e1n a la espera de un comunicado oficial de Meta con explicaciones y tiempos estimados de soluci\u00f3n.<\/p>\n\n\n\n<p class=\"has-medium-font-size\">Recomendaciones<\/p>\n\n\n\n<p>Mientras se resuelve el inconveniente, se recomienda utilizar otras plataformas de comunicaci\u00f3n como Telegram o el correo electr\u00f3nico. Adem\u00e1s, es una buena oportunidad para desconectarse, realizar actividades offline o aprovechar el tiempo para tareas postergadas. Se espera que el servicio se restablezca en las pr\u00f3ximas horas.<\/p>\n","protected":false},"excerpt":{"rendered":"<p>Hace poco m\u00e1s de una hora, las plataformas WhatsApp, Instagram y Facebook, pertenecientes a la empresa Meta, registraron una ca\u00edda<\/p>\n","protected":false},"author":2,"featured_media":132381,"comment_status":"closed","ping_status":"closed","sticky":false,"template":"","format":"standard","meta":{"_jetpack_memberships_contains_paid_content":false,"footnotes":""},"categories":[6,1],"tags":[],"class_list":["post-132380","post","type-post","status-publish","format-standard","has-post-thumbnail","hentry","category-nacionales","category-portada"],"jetpack_featured_media_url":"https:\/\/i0.wp.com\/cdnoticias.com\/wp-content\/uploads\/2024\/12\/whatsapp.jpg?fit=1282%2C680&ssl=1","jetpack_sharing_enabled":true,"_links":{"self":[{"href":"https:\/\/cdnoticias.com\/index.php\/wp-json\/wp\/v2\/posts\/132380","targetHints":{"allow":["GET"]}}],"collection":[{"href":"https:\/\/cdnoticias.com\/index.php\/wp-json\/wp\/v2\/posts"}],"about":[{"href":"https:\/\/cdnoticias.com\/index.php\/wp-json\/wp\/v2\/types\/post"}],"author":[{"embeddable":true,"href":"https:\/\/cdnoticias.com\/index.php\/wp-json\/wp\/v2\/users\/2"}],"replies":[{"embeddable":true,"href":"https:\/\/cdnoticias.com\/index.php\/wp-json\/wp\/v2\/comments?post=132380"}],"version-history":[{"count":0,"href":"https:\/\/cdnoticias.com\/index.php\/wp-json\/wp\/v2\/posts\/132380\/revisions"}],"wp:featuredmedia":[{"embeddable":true,"href":"https:\/\/cdnoticias.com\/index.php\/wp-json\/wp\/v2\/media\/132381"}],"wp:attachment":[{"href":"https:\/\/cdnoticias.com\/index.php\/wp-json\/wp\/v2\/media?parent=132380"}],"wp:term":[{"taxonomy":"category","embeddable":true,"href":"https:\/\/cdnoticias.com\/index.php\/wp-json\/wp\/v2\/categories?post=132380"},{"taxonomy":"post_tag","embeddable":true,"href":"https:\/\/cdnoticias.com\/index.php\/wp-json\/wp\/v2\/tags?post=132380"}],"curies":[{"name":"wp","href":"https:\/\/api.w.org\/{rel}","templated":true}]}}