{"id":132375,"date":"2024-12-11T19:55:02","date_gmt":"2024-12-11T22:55:02","guid":{"rendered":"https:\/\/cdnoticias.com\/?p=132375"},"modified":"2024-12-11T19:55:03","modified_gmt":"2024-12-11T22:55:03","slug":"desde-este-sabado-feria-pre-navidena-con-papa-noel-en-la-plaza-del-centro","status":"publish","type":"post","link":"https:\/\/cdnoticias.com\/index.php\/2024\/12\/11\/desde-este-sabado-feria-pre-navidena-con-papa-noel-en-la-plaza-del-centro\/","title":{"rendered":"Desde este s\u00e1bado, feria pre navide\u00f1a con Pap\u00e1 Noel en la plaza del centro"},"content":{"rendered":"<p>Los artesanos proponen \u201cllevate los regalitos para el \u00e1rbol\u201d. Una oferta variada de artesan\u00edas, sorteos y cartitas para Pap\u00e1 Noel.<!--more--><\/p>\n<hr \/>\n<p><strong>Feria Pre Navide\u00f1a de Artesanos<\/strong> en la <strong>plaza Coronel Olavarr\u00eda<\/strong>. A partir del <strong>s\u00e1bado 14 de diciembre<\/strong> y hasta el<strong> martes 24<\/strong> los artesanos proponen <strong>\u201cllevate los regalitos para el \u00e1rbol\u201d.<\/strong><\/p>\n<p>Las propuestas son sumamente variadas: <em>orfebrer\u00eda, cer\u00e1mica, duendes, papel mach\u00e9, cemento, atrapasue\u00f1os, cuadros, macram\u00e9, cuchiller\u00eda, encuadernados, tejidos, vitrofusi\u00f3n, cosm\u00e9tica natural, cester\u00eda n\u00f3rdica, sahumerios, ca\u00f1as y calabazas, materos, amigurumis, hierro y madera, mu\u00f1equer\u00eda<\/em>.<\/p>\n<p>Con cada compra <strong>se entregan n\u00fameros para participar de sorteos<\/strong>. Adem\u00e1s, <strong>estar\u00e1 Pap\u00e1 Noel para tomarse fotos con los ni\u00f1os y recibir sus cartitas<\/strong>.<\/p>\n<p>Los feriantes estar\u00e1n en la Plaza, <strong>sobre calle Rivadavia y en el Paseo Jes\u00fas Mend\u00eda<\/strong>.<\/p>\n","protected":false},"excerpt":{"rendered":"<p>Los artesanos proponen \u201cllevate los regalitos para el \u00e1rbol\u201d. Una oferta variada de artesan\u00edas, sorteos y cartitas para Pap\u00e1 Noel.<\/p>\n","protected":false},"author":4,"featured_media":106630,"comment_status":"closed","ping_status":"closed","sticky":false,"template":"","format":"standard","meta":{"_jetpack_memberships_contains_paid_content":false,"footnotes":""},"categories":[9,1],"tags":[],"class_list":["post-132375","post","type-post","status-publish","format-standard","has-post-thumbnail","hentry","category-cultura","category-portada"],"jetpack_featured_media_url":"https:\/\/i0.wp.com\/cdnoticias.com\/wp-content\/uploads\/2024\/01\/atardecer-de-feria-10-scaled.jpg?fit=2560%2C1424&ssl=1","jetpack_sharing_enabled":true,"_links":{"self":[{"href":"https:\/\/cdnoticias.com\/index.php\/wp-json\/wp\/v2\/posts\/132375","targetHints":{"allow":["GET"]}}],"collection":[{"href":"https:\/\/cdnoticias.com\/index.php\/wp-json\/wp\/v2\/posts"}],"about":[{"href":"https:\/\/cdnoticias.com\/index.php\/wp-json\/wp\/v2\/types\/post"}],"author":[{"embeddable":true,"href":"https:\/\/cdnoticias.com\/index.php\/wp-json\/wp\/v2\/users\/4"}],"replies":[{"embeddable":true,"href":"https:\/\/cdnoticias.com\/index.php\/wp-json\/wp\/v2\/comments?post=132375"}],"version-history":[{"count":0,"href":"https:\/\/cdnoticias.com\/index.php\/wp-json\/wp\/v2\/posts\/132375\/revisions"}],"wp:featuredmedia":[{"embeddable":true,"href":"https:\/\/cdnoticias.com\/index.php\/wp-json\/wp\/v2\/media\/106630"}],"wp:attachment":[{"href":"https:\/\/cdnoticias.com\/index.php\/wp-json\/wp\/v2\/media?parent=132375"}],"wp:term":[{"taxonomy":"category","embeddable":true,"href":"https:\/\/cdnoticias.com\/index.php\/wp-json\/wp\/v2\/categories?post=132375"},{"taxonomy":"post_tag","embeddable":true,"href":"https:\/\/cdnoticias.com\/index.php\/wp-json\/wp\/v2\/tags?post=132375"}],"curies":[{"name":"wp","href":"https:\/\/api.w.org\/{rel}","templated":true}]}}