{"id":132371,"date":"2024-12-11T12:53:02","date_gmt":"2024-12-11T15:53:02","guid":{"rendered":"https:\/\/cdnoticias.com\/?p=132371"},"modified":"2024-12-11T17:01:19","modified_gmt":"2024-12-11T20:01:19","slug":"siguen-las-colas-en-pami-de-olavarria-por-la-cobertura-de-medicamentos","status":"publish","type":"post","link":"https:\/\/cdnoticias.com\/index.php\/2024\/12\/11\/siguen-las-colas-en-pami-de-olavarria-por-la-cobertura-de-medicamentos\/","title":{"rendered":"Siguen las colas en PAMI de Olavarr\u00eda por la cobertura de medicamentos"},"content":{"rendered":"<p>Este mi\u00e9rcoles se vio nuevamente a numerosos vecinos en la sede de la obra social. Quejas por la obligatoriedad del tr\u00e1mite. Desde un sindicato se denunci\u00f3 \u201cvaciamiento institucional y golpe al derecho a la salud\u201d.<!--more--><\/p>\n<hr \/>\n<p>S<strong>iguen las colas en la sede de PAMI de Olavarr\u00eda<\/strong> por la cobertura de <strong>medicamentos<\/strong>. Cabe recordar que desde principios de mes, <strong>la entidad modific\u00f3 el acceso a la cobertura total<\/strong> y<a href=\"https:\/\/cdnoticias.com\/index.php\/2024\/12\/02\/el-pami-limito-el-acceso-de-los-jubilados-a-medicamentos-los-nuevos-requisitos\/\" target=\"_blank\" rel=\"noopener\"> obliga a los afiliados a tramitar un Subsidio por Razones Sociales<\/a>.<\/p>\n<p><strong>Este mi\u00e9rcoles<\/strong> se vio nuevamente a <strong>numerosos vecinos<\/strong> en la sede de la obra social de nuestra ciudad, sobre calle Dorrego.<\/p>\n<blockquote><p>Algunos de los presentes reiteraron las quejas que se han escuchado desde que se dispusieron los cambios: cuestionan la obligatoriedad del tr\u00e1mite cuando consideran que PAMI puede acceder a la informaci\u00f3n sobre la situaci\u00f3n econ\u00f3mica de los afiliados.<\/p><\/blockquote>\n<p><img data-recalc-dims=\"1\" loading=\"lazy\" decoding=\"async\" class=\"size-full wp-image-132362 aligncenter\" src=\"https:\/\/i0.wp.com\/cdnoticias.com\/wp-content\/uploads\/2024\/12\/PAMI-cola-medicamentos-01.jpg?resize=800%2C445&#038;ssl=1\" alt=\"\" width=\"800\" height=\"445\" srcset=\"https:\/\/i0.wp.com\/cdnoticias.com\/wp-content\/uploads\/2024\/12\/PAMI-cola-medicamentos-01.jpg?w=1000&amp;ssl=1 1000w, https:\/\/i0.wp.com\/cdnoticias.com\/wp-content\/uploads\/2024\/12\/PAMI-cola-medicamentos-01.jpg?resize=300%2C167&amp;ssl=1 300w, https:\/\/i0.wp.com\/cdnoticias.com\/wp-content\/uploads\/2024\/12\/PAMI-cola-medicamentos-01.jpg?resize=768%2C427&amp;ssl=1 768w, https:\/\/i0.wp.com\/cdnoticias.com\/wp-content\/uploads\/2024\/12\/PAMI-cola-medicamentos-01.jpg?resize=800%2C445&amp;ssl=1 800w\" sizes=\"auto, (max-width: 800px) 100vw, 800px\" \/><\/p>\n<p><img data-recalc-dims=\"1\" loading=\"lazy\" decoding=\"async\" class=\"size-full wp-image-132364 aligncenter\" src=\"https:\/\/i0.wp.com\/cdnoticias.com\/wp-content\/uploads\/2024\/12\/PAMI-cola-medicamentos-03.jpg?resize=800%2C445&#038;ssl=1\" alt=\"\" width=\"800\" height=\"445\" srcset=\"https:\/\/i0.wp.com\/cdnoticias.com\/wp-content\/uploads\/2024\/12\/PAMI-cola-medicamentos-03.jpg?w=1000&amp;ssl=1 1000w, https:\/\/i0.wp.com\/cdnoticias.com\/wp-content\/uploads\/2024\/12\/PAMI-cola-medicamentos-03.jpg?resize=300%2C167&amp;ssl=1 300w, https:\/\/i0.wp.com\/cdnoticias.com\/wp-content\/uploads\/2024\/12\/PAMI-cola-medicamentos-03.jpg?resize=768%2C427&amp;ssl=1 768w, https:\/\/i0.wp.com\/cdnoticias.com\/wp-content\/uploads\/2024\/12\/PAMI-cola-medicamentos-03.jpg?resize=800%2C445&amp;ssl=1 800w\" sizes=\"auto, (max-width: 800px) 100vw, 800px\" \/><\/p>\n<p>Si bien <strong>el tr\u00e1mite puede efectuarse de forma online en su primera parte<\/strong>\u00a0-y <a href=\"https:\/\/cdnoticias.com\/index.php\/2024\/12\/10\/tras-la-polemica-pami-anuncio-que-simplificaran-el-tramite-de-cobertura-al-100-de-medicamentos\/\" target=\"_blank\" rel=\"noopener\">en las \u00faltimas horas se dict\u00f3 una simplificaci\u00f3n<\/a>-, la mayor\u00eda de los afectados no se reconoce en condiciones de resolverlo de esa manera. De esa forma, <strong>a diario se observan colas de numerosos afiliados en las sedes de PAMI de cada localidad del pa\u00eds.<\/strong><\/p>\n<p>El <a href=\"https:\/\/cdnoticias.com\/index.php\/2024\/12\/07\/pami-y-la-cobertura-de-medicamentos-la-verdad-que-el-afiliado-esta-preocupado-porque-cuando-hay-cambios-es-dificil\/\" target=\"_blank\" rel=\"noopener\">titular de PAMI Olavarr\u00eda, Guillermo Lascano<\/a>, aclar\u00f3 que el tr\u00e1mite es personal pero<strong> teniendo en cuenta la poblaci\u00f3n vulnerable \u201cpuede venir un familiar, la persona que est\u00e9 a cargo o lo acompa\u00f1e\u201d para \u201ciniciar en forma conjunta, tambi\u00e9n se puede sacar el turno por v\u00eda web\u201d<\/strong>. Especific\u00f3 para quienes se acerquen a la entidad: \u201clo primero que tiene que traer es el <strong>recibo de haberes<\/strong> que se saca por el cajero autom\u00e1tico y despu\u00e9s<strong> los cuatro medicamentos que consumen<\/strong> digamos y si pueden <strong>traer un presupuesto de la Farmacia<\/strong> de lo que le salen esos cuatro medicamentos mejor\u201d. De lo contrario, aclar\u00f3 (y teniendo en cuenta ya la complejidad de hacer el tr\u00e1mite en la agencia) \u201cnosotros por sistema para ganar tiempo y sobre todo es importante<strong> el troquel del medicamento de la cajita<\/strong> para que no haya confusi\u00f3n en la carga del dato para ver si cumple con los requisitos o no\u201d.<\/p>\n<p>En tanto, desde un <strong>sindicato SUTEPA<\/strong> (Sindicato Unido de Trabajadores y Empleados de PAMI) <strong>se denunci\u00f3 \u201cvaciamiento institucional y golpe al derecho a la salud\u201d<\/strong>.<\/p>\n<p><img data-recalc-dims=\"1\" loading=\"lazy\" decoding=\"async\" class=\"size-full wp-image-132361 aligncenter\" src=\"https:\/\/i0.wp.com\/cdnoticias.com\/wp-content\/uploads\/2024\/12\/PAMI-cola-medicamentos-00.jpg?resize=800%2C445&#038;ssl=1\" alt=\"\" width=\"800\" height=\"445\" srcset=\"https:\/\/i0.wp.com\/cdnoticias.com\/wp-content\/uploads\/2024\/12\/PAMI-cola-medicamentos-00.jpg?w=1000&amp;ssl=1 1000w, https:\/\/i0.wp.com\/cdnoticias.com\/wp-content\/uploads\/2024\/12\/PAMI-cola-medicamentos-00.jpg?resize=300%2C167&amp;ssl=1 300w, https:\/\/i0.wp.com\/cdnoticias.com\/wp-content\/uploads\/2024\/12\/PAMI-cola-medicamentos-00.jpg?resize=768%2C427&amp;ssl=1 768w, https:\/\/i0.wp.com\/cdnoticias.com\/wp-content\/uploads\/2024\/12\/PAMI-cola-medicamentos-00.jpg?resize=800%2C445&amp;ssl=1 800w\" sizes=\"auto, (max-width: 800px) 100vw, 800px\" \/><\/p>\n<p><img data-recalc-dims=\"1\" loading=\"lazy\" decoding=\"async\" class=\"size-full wp-image-132365 aligncenter\" src=\"https:\/\/i0.wp.com\/cdnoticias.com\/wp-content\/uploads\/2024\/12\/PAMI-cola-medicamentos-04.jpg?resize=800%2C601&#038;ssl=1\" alt=\"\" width=\"800\" height=\"601\" srcset=\"https:\/\/i0.wp.com\/cdnoticias.com\/wp-content\/uploads\/2024\/12\/PAMI-cola-medicamentos-04.jpg?w=1000&amp;ssl=1 1000w, https:\/\/i0.wp.com\/cdnoticias.com\/wp-content\/uploads\/2024\/12\/PAMI-cola-medicamentos-04.jpg?resize=300%2C225&amp;ssl=1 300w, https:\/\/i0.wp.com\/cdnoticias.com\/wp-content\/uploads\/2024\/12\/PAMI-cola-medicamentos-04.jpg?resize=768%2C577&amp;ssl=1 768w\" sizes=\"auto, (max-width: 800px) 100vw, 800px\" \/><\/p>\n<p>En un comunicado emitido este martes, la entidad subray\u00f3 que<strong> \u201cPAMI brinda cobertura m\u00e9dica y social a 5.3 millones de jubilados y pensionados y 380 mil familiares a cargo<\/strong>, una instituci\u00f3n clave para garantizar la atenci\u00f3n de quienes trabajaron toda su vida para pagar el acceso a la seguridad social. Ante la p\u00e9rdida de recaudaci\u00f3n del impuesto pa\u00eds, se dio por finalizada la pol\u00edtica de medicamentos sin cargo, afectando a la mayor\u00eda de las y los afiliados que hoy ven limitado su derecho por el ajuste impuesto por el gobierno nacional\u201d.<\/p>\n<p>En ese marco, denunciaron que<strong> \u201clas y los trabajadores<\/strong>, que son quienes dan respuesta y contenci\u00f3n a las personas mayores en las oficinas de la instituci\u00f3n, <strong>enfrentan despidos que se van produciendo en todo el pa\u00eds<\/strong> lleg\u00e1ndose al cierre de algunas dependencias por falta de personal\u201d.<\/p>\n<blockquote><p>\u201cRepudiamos los despidos y la quita de medicamentos gratuitos para jubilados, al mismo tiempo que manifestamos nuestro en\u00e9rgico rechazo a estas medidas que atentan contra los derechos fundamentales de quienes m\u00e1s necesitan protecci\u00f3n\u201d indic\u00f3 SUTEPA en otro p\u00e1rrafo del comunicado.<\/p><\/blockquote>\n<p><img data-recalc-dims=\"1\" loading=\"lazy\" decoding=\"async\" class=\"size-full wp-image-132364 aligncenter\" src=\"https:\/\/i0.wp.com\/cdnoticias.com\/wp-content\/uploads\/2024\/12\/PAMI-cola-medicamentos-03.jpg?resize=800%2C445&#038;ssl=1\" alt=\"\" width=\"800\" height=\"445\" srcset=\"https:\/\/i0.wp.com\/cdnoticias.com\/wp-content\/uploads\/2024\/12\/PAMI-cola-medicamentos-03.jpg?w=1000&amp;ssl=1 1000w, https:\/\/i0.wp.com\/cdnoticias.com\/wp-content\/uploads\/2024\/12\/PAMI-cola-medicamentos-03.jpg?resize=300%2C167&amp;ssl=1 300w, https:\/\/i0.wp.com\/cdnoticias.com\/wp-content\/uploads\/2024\/12\/PAMI-cola-medicamentos-03.jpg?resize=768%2C427&amp;ssl=1 768w, https:\/\/i0.wp.com\/cdnoticias.com\/wp-content\/uploads\/2024\/12\/PAMI-cola-medicamentos-03.jpg?resize=800%2C445&amp;ssl=1 800w\" sizes=\"auto, (max-width: 800px) 100vw, 800px\" \/><\/p>\n<blockquote class=\"wp-embedded-content\" data-secret=\"mI37N4PtTU\"><p><a href=\"https:\/\/cdnoticias.com\/index.php\/2024\/12\/07\/pami-y-la-cobertura-de-medicamentos-la-verdad-que-el-afiliado-esta-preocupado-porque-cuando-hay-cambios-es-dificil\/\">PAMI y la cobertura de medicamentos: \u201cLa verdad que el afiliado est\u00e1 preocupado porque cuando hay cambios es dif\u00edcil\u201d<\/a><\/p><\/blockquote>\n<p><iframe loading=\"lazy\" class=\"wp-embedded-content\" sandbox=\"allow-scripts\" security=\"restricted\" style=\"position: absolute; visibility: hidden;\" title=\"&#8220;PAMI y la cobertura de medicamentos: \u201cLa verdad que el afiliado est\u00e1 preocupado porque cuando hay cambios es dif\u00edcil\u201d&#8221; &#8212; Central de Noticias | Olavarr\u00eda\" src=\"https:\/\/cdnoticias.com\/index.php\/2024\/12\/07\/pami-y-la-cobertura-de-medicamentos-la-verdad-que-el-afiliado-esta-preocupado-porque-cuando-hay-cambios-es-dificil\/embed\/#?secret=lT2MmaykUh#?secret=mI37N4PtTU\" data-secret=\"mI37N4PtTU\" width=\"600\" height=\"338\" frameborder=\"0\" marginwidth=\"0\" marginheight=\"0\" scrolling=\"no\"><\/iframe><\/p>\n","protected":false},"excerpt":{"rendered":"<p>Este mi\u00e9rcoles se vio nuevamente a numerosos vecinos en la sede de la obra social. Quejas por la obligatoriedad del<\/p>\n","protected":false},"author":4,"featured_media":132366,"comment_status":"closed","ping_status":"closed","sticky":false,"template":"","format":"standard","meta":{"_jetpack_memberships_contains_paid_content":false,"footnotes":""},"categories":[5,1],"tags":[],"class_list":["post-132371","post","type-post","status-publish","format-standard","has-post-thumbnail","hentry","category-informacion-general","category-portada"],"jetpack_featured_media_url":"https:\/\/i0.wp.com\/cdnoticias.com\/wp-content\/uploads\/2024\/12\/PAMI-cola-medicamentos-05.jpg?fit=1000%2C556&ssl=1","jetpack_sharing_enabled":true,"_links":{"self":[{"href":"https:\/\/cdnoticias.com\/index.php\/wp-json\/wp\/v2\/posts\/132371","targetHints":{"allow":["GET"]}}],"collection":[{"href":"https:\/\/cdnoticias.com\/index.php\/wp-json\/wp\/v2\/posts"}],"about":[{"href":"https:\/\/cdnoticias.com\/index.php\/wp-json\/wp\/v2\/types\/post"}],"author":[{"embeddable":true,"href":"https:\/\/cdnoticias.com\/index.php\/wp-json\/wp\/v2\/users\/4"}],"replies":[{"embeddable":true,"href":"https:\/\/cdnoticias.com\/index.php\/wp-json\/wp\/v2\/comments?post=132371"}],"version-history":[{"count":0,"href":"https:\/\/cdnoticias.com\/index.php\/wp-json\/wp\/v2\/posts\/132371\/revisions"}],"wp:featuredmedia":[{"embeddable":true,"href":"https:\/\/cdnoticias.com\/index.php\/wp-json\/wp\/v2\/media\/132366"}],"wp:attachment":[{"href":"https:\/\/cdnoticias.com\/index.php\/wp-json\/wp\/v2\/media?parent=132371"}],"wp:term":[{"taxonomy":"category","embeddable":true,"href":"https:\/\/cdnoticias.com\/index.php\/wp-json\/wp\/v2\/categories?post=132371"},{"taxonomy":"post_tag","embeddable":true,"href":"https:\/\/cdnoticias.com\/index.php\/wp-json\/wp\/v2\/tags?post=132371"}],"curies":[{"name":"wp","href":"https:\/\/api.w.org\/{rel}","templated":true}]}}