{"id":132327,"date":"2024-12-12T16:05:51","date_gmt":"2024-12-12T19:05:51","guid":{"rendered":"https:\/\/cdnoticias.com\/?p=132327"},"modified":"2024-12-12T18:32:29","modified_gmt":"2024-12-12T21:32:29","slug":"los-tambos-bonaerenses-redondean-un-ano-positivo","status":"publish","type":"post","link":"https:\/\/cdnoticias.com\/index.php\/2024\/12\/12\/los-tambos-bonaerenses-redondean-un-ano-positivo\/","title":{"rendered":"Los tambos bonaerenses redondean un a\u00f1o positivo"},"content":{"rendered":"\n<p>Un informe de la c\u00e1mara de empresas lecheras de la regi\u00f3n destac\u00f3 el buen precio y las reservas de humedad. C\u00f3mo fue la variaci\u00f3n anual de precios al productor.<\/p>\n\n\n\n<hr class=\"wp-block-separator aligncenter has-alpha-channel-opacity\"\/>\n\n\n\n<p>Los <strong>tamberos de la provincia de Buenos Aires empezaron a despedir un a\u00f1o positivo,<\/strong> y <strong>miran con cierto optimismo el 2025.\u00a0<\/strong>As\u00ed lo describe la situaci\u00f3n general del sector lechero la C\u00e1mara de Productores de Leche de la Cuenca Oeste de Buenos Aires (Caprolecoba) en su \u00faltimo informe de coyuntura de noviembre, que a\u00f1ade que para diciembre \u201cconvendr\u00eda empezar a compensar los mayores costos del verano para acotar la ca\u00edda estacional\u201d.<\/p>\n\n\n\n<p><\/p>\n\n\n\n<p>\u201cCulmina, en general,<strong> un a\u00f1o de recupero de nuestra cadena l\u00e1ctea en su conjunto.<\/strong> La variaci\u00f3n anual de los precios ha sido hasta octubre del 223,3% en salida de f\u00e1brica y 234,1% en tranquera de tambo. <strong>Para noviembre esperamos un nuevo ajuste del precio a los tambos,<\/strong> que no le pierda el rastro a la inflaci\u00f3n\/d\u00f3lar\u201d sostuvieron. <\/p>\n\n\n\n<p><\/p>\n\n\n\n<blockquote class=\"wp-block-quote is-layout-flow wp-block-quote-is-layout-flow\">\n<p>Seg\u00fan el informe, la buena situaci\u00f3n econ\u00f3mica en general se sostiene en una macroeconom\u00eda m\u00e1s ordenada y es apuntalada en el momento actual por una situaci\u00f3n clim\u00e1tica favorable a las empresas productivas.<\/p>\n<\/blockquote>\n\n\n\n<p><\/p>\n\n\n\n<p>\u201cNoviembre, desde el punto de vista clim\u00e1tico, le dio continuidad a la<strong> recuperaci\u00f3n de humedad de los suelos<\/strong> en la amplia regi\u00f3n pampeana, y le ha devuelto impulso y esperanza a los productores tamberos, ganaderos y chacareros. <strong>Hay pasto, hay siembras, y podr\u00eda haber m\u00e1s reservas<\/strong>\u201d, afirmaron.\u00a0<\/p>\n\n\n\n<p><\/p>\n\n\n\n<p>Asimismo, agregaron que: \u201c<em>Nuestra base forrajera continu\u00f3 su recuperaci\u00f3n en noviembre, colaborando en lo inmediato con la competitividad de nuestros costos. A lo cual se sum\u00f3 una buena relaci\u00f3n de precios de la leche con los alimentos concentrados\u201d.<\/em><\/p>\n\n\n\n<p><\/p>\n\n\n\n<p>Respecto de la coyuntura pol\u00edtica y econ\u00f3mica, el informe destac\u00f3 que el nuevo entorno \u201cmacro\u201d que impera en el pa\u00eds brinda a la lecher\u00eda mejores condiciones para su desarrollo, y enumera algunos puntos destacables: <strong>\u201cestabilidad econ\u00f3mica, menor Inflaci\u00f3n, regreso del cr\u00e9dito, mercados desregulados, menor intervenci\u00f3n estatal en el comercio, d\u00e9ficits mutados en super\u00e1vits, etc\u201d.\u00a0<\/strong><\/p>\n\n\n\n<p><\/p>\n\n\n\n<p><em>Fuente: DIB\u00a0<\/em><\/p>\n","protected":false},"excerpt":{"rendered":"<p>Un informe de la c\u00e1mara de empresas lecheras de la regi\u00f3n destac\u00f3 el buen precio y las reservas de humedad.<\/p>\n","protected":false},"author":6,"featured_media":76342,"comment_status":"closed","ping_status":"closed","sticky":false,"template":"","format":"standard","meta":{"_jetpack_memberships_contains_paid_content":false,"footnotes":""},"categories":[6,1],"tags":[],"class_list":["post-132327","post","type-post","status-publish","format-standard","has-post-thumbnail","hentry","category-nacionales","category-portada"],"jetpack_featured_media_url":"https:\/\/i0.wp.com\/cdnoticias.com\/wp-content\/uploads\/2023\/02\/tambo2-696x464-1.jpg?fit=696%2C464&ssl=1","jetpack_sharing_enabled":true,"_links":{"self":[{"href":"https:\/\/cdnoticias.com\/index.php\/wp-json\/wp\/v2\/posts\/132327","targetHints":{"allow":["GET"]}}],"collection":[{"href":"https:\/\/cdnoticias.com\/index.php\/wp-json\/wp\/v2\/posts"}],"about":[{"href":"https:\/\/cdnoticias.com\/index.php\/wp-json\/wp\/v2\/types\/post"}],"author":[{"embeddable":true,"href":"https:\/\/cdnoticias.com\/index.php\/wp-json\/wp\/v2\/users\/6"}],"replies":[{"embeddable":true,"href":"https:\/\/cdnoticias.com\/index.php\/wp-json\/wp\/v2\/comments?post=132327"}],"version-history":[{"count":0,"href":"https:\/\/cdnoticias.com\/index.php\/wp-json\/wp\/v2\/posts\/132327\/revisions"}],"wp:featuredmedia":[{"embeddable":true,"href":"https:\/\/cdnoticias.com\/index.php\/wp-json\/wp\/v2\/media\/76342"}],"wp:attachment":[{"href":"https:\/\/cdnoticias.com\/index.php\/wp-json\/wp\/v2\/media?parent=132327"}],"wp:term":[{"taxonomy":"category","embeddable":true,"href":"https:\/\/cdnoticias.com\/index.php\/wp-json\/wp\/v2\/categories?post=132327"},{"taxonomy":"post_tag","embeddable":true,"href":"https:\/\/cdnoticias.com\/index.php\/wp-json\/wp\/v2\/tags?post=132327"}],"curies":[{"name":"wp","href":"https:\/\/api.w.org\/{rel}","templated":true}]}}