{"id":132299,"date":"2024-12-11T08:46:44","date_gmt":"2024-12-11T11:46:44","guid":{"rendered":"https:\/\/cdnoticias.com\/?p=132299"},"modified":"2024-12-11T11:16:25","modified_gmt":"2024-12-11T14:16:25","slug":"liliana-schwindt-dijo-que-el-gobierno-nacional-tiene-tanta-corrupcion-que-da-verguenza-ajena","status":"publish","type":"post","link":"https:\/\/cdnoticias.com\/index.php\/2024\/12\/11\/liliana-schwindt-dijo-que-el-gobierno-nacional-tiene-tanta-corrupcion-que-da-verguenza-ajena\/","title":{"rendered":"Liliana Schwindt dijo que el Gobierno Nacional \u201ctiene tanta corrupci\u00f3n que da verg\u00fcenza ajena\u201d"},"content":{"rendered":"<p>La consejera del PJ estuvo en la cumbre que este lunes se realiz\u00f3 en Moreno. \u201cSon diferencias intrascendentes para las problem\u00e1ticas que estamos viviendo hoy. Muy intrascendentes\u201d sostuvo sobre las internas entre dirigentes del peronismo.<!--more--><\/p>\n<hr \/>\n<p>Este lunes se llev\u00f3 adelante en Moreno el<strong> encuentro del PJ bonaerense<\/strong> que gener\u00f3 gran expectativa en la previa, por la<strong> asistencia de M\u00e1ximo Kirchner<\/strong>, l\u00edder del espacio; <strong>la presidenta del PJ nacional, Cristina Fern\u00e1ndez; el gobernador bonaerense, Axel Kicillof, y el excandidato a Presidente de Uni\u00f3n por la Patria, Sergio Massa<\/strong>. Tambi\u00e9n estuvieron la intendenta de Moreno -vice del PJ nacional-, Mariel Fern\u00e1ndez, y la vicegobernadora bonaerense, Ver\u00f3nica Magario.<\/p>\n<p>Fue una <strong>reuni\u00f3n del Consejo Provincial del Partido Justicialista<\/strong> y all\u00ed estuvo la <strong>olavarriense Liliana Schwindt, consejera por la S\u00e9ptima Secci\u00f3n<\/strong>. En una entrevista con Radio Olavarr\u00eda destac\u00f3 que<strong> \u201cla particularidad\u201d de esta reuni\u00f3n fue que \u201cestaba el gobernador, que nunca hab\u00eda estado\u201d<\/strong> ya que no integra la conducci\u00f3n partidaria.<\/p>\n<blockquote><p>\u201cNosotros siempre tenemos reuniones que se picantean un poco. Y est\u00e1 bueno y est\u00e1 bien que en las reuniones haya a veces reclamos y diferencias de opiniones. Porque somos muchos y las circunstancias y los contextos de lo que vivimos hace que tengamos diferencias de c\u00f3mo encarar el proceso electoral que viene, de c\u00f3mo plantarnos ante el gobierno que hace Javier Milei, discusiones normales dentro de un partido pol\u00edtico\u201d cont\u00f3 sobre lo sucedido.<\/p><\/blockquote>\n<p><img data-recalc-dims=\"1\" loading=\"lazy\" decoding=\"async\" class=\"size-full wp-image-132300 aligncenter\" src=\"https:\/\/i0.wp.com\/cdnoticias.com\/wp-content\/uploads\/2024\/12\/PJ-reunion-partido-justicialista-moreno.jpg?resize=800%2C446&#038;ssl=1\" alt=\"\" width=\"800\" height=\"446\" srcset=\"https:\/\/i0.wp.com\/cdnoticias.com\/wp-content\/uploads\/2024\/12\/PJ-reunion-partido-justicialista-moreno.jpg?w=1000&amp;ssl=1 1000w, https:\/\/i0.wp.com\/cdnoticias.com\/wp-content\/uploads\/2024\/12\/PJ-reunion-partido-justicialista-moreno.jpg?resize=300%2C167&amp;ssl=1 300w, https:\/\/i0.wp.com\/cdnoticias.com\/wp-content\/uploads\/2024\/12\/PJ-reunion-partido-justicialista-moreno.jpg?resize=768%2C428&amp;ssl=1 768w, https:\/\/i0.wp.com\/cdnoticias.com\/wp-content\/uploads\/2024\/12\/PJ-reunion-partido-justicialista-moreno.jpg?resize=800%2C445&amp;ssl=1 800w\" sizes=\"auto, (max-width: 800px) 100vw, 800px\" \/><\/p>\n<p>Acerca de las versiones sobre reclamos y acusaciones que se hicieron hacia Axel Kicillof en esa reuni\u00f3n, la tambi\u00e9n concejal del oficialismo indic\u00f3 que \u201cla cosa no fue entre nuestra m\u00e1xima dirigencia. <strong>Ni Cristina, ni Massa, ni M\u00e1ximo, ni el Gobernador se dijeron ninguna cosa entre ellos fuera de lugar.<\/strong> Fue entre compa\u00f1eros comunes y corrientes\u201d.<\/p>\n<p>Liliana Schwindt respondi\u00f3 sobre los cuestionamientos que en los \u00faltimos meses cruzaron los principales dirigentes peronistas. <strong>\u201cTodo se origin\u00f3 cuando Kicillof no dijo o no felicit\u00f3 o hizo un tuit cuando Cristina iba a ser la presidenta del PJ. Ah\u00ed empezaron las tonter\u00edas entre compa\u00f1eros y compa\u00f1eras\u201d<\/strong> expres\u00f3.<\/p>\n<p>Consider\u00f3 que <strong>\u201cson diferencias intrascendentes para las problem\u00e1ticas que estamos viviendo hoy. Muy intrascendentes<\/strong> porque tenemos un problema muy grande que es, primero, el recorte que hace el gobierno de Javier Milei a la provincia de Buenos Aires. Es de una gravedad tremenda. Es a todas las provincias\u201d.<\/p>\n<blockquote><p>Apunt\u00f3 al Presidente de la Naci\u00f3n al definir que \u201cdibuja que tiene d\u00e9ficit cero y equilibra las cuentas. Lo hace gracias a que le recort\u00f3 a todas las provincias. Esta nueva pol\u00edtica que se hacen los que es para beatificarlos de la pureza que tienen, tiene tanta corrupci\u00f3n dentro que dan verg\u00fcenza ajena\u201d. A\u00f1adi\u00f3 que \u201cestos d\u00edas lo estamos viendo con el senador que pasaba 200 mil d\u00f3lares por la frontera\u201d.<\/p><\/blockquote>\n<p>Sobre el cierre de la entrevista radial, la dirigente fue consultada por la evoluci\u00f3n de los <strong>reclamos judiciales ante las subas tarifarias<\/strong> de los servicios. \u201cToda la gente que intent\u00f3 presentar amparos por estas situaciones de tarifas y dem\u00e1s, han sido rechazados. <strong>La Justicia est\u00e1 muy activa en favor de defender los intereses de las grandes empresas y del gobierno\u201d<\/strong> dijo.<\/p>\n<h3>En Olavarr\u00eda<\/h3>\n<p>Acerca de la relaci\u00f3n entre la diversidad de fuerzas que componen el <strong>oficialismo en Olavarr\u00eda<\/strong>, la concejal respondi\u00f3<strong> \u201cyo creo que las cosas est\u00e1n bien\u201d<\/strong>. \u201cNo hay que perder la br\u00fajula, nosotros tambi\u00e9n tuvimos un largo tiempo en que el peronismo tard\u00f3 para recuperar la intendencia y <strong>ser\u00eda muy tonto que tuvi\u00e9ramos diferencias por cuestiones que no hacen al caso\u201d<\/strong> agreg\u00f3 Liliana Schwindt en referencia a las internas a nivel nacional.<\/p>\n<p>Reiter\u00f3 su lectura del contexto para apuntar a que \u201cestamos en un momento dif\u00edcil porque<strong> todo lo que repercute a nivel nacional<\/strong>, el parate de la econom\u00eda, la ca\u00edda del despacho de cemento, la amenaza del desempleo permanente, el crecimiento de los \u00edndices de desempleo,<strong> tambi\u00e9n repercute en nuestra ciudad\u201d<\/strong>.<\/p>\n<blockquote><p>\u201cTenemos enfrente muchos problemas a los que nuestros vecinos, con las pol\u00edticas de Javier Milei, les repercute muy fuerte. La \u00faltima, que la verdad que es muy triste, la de los medicamentos a los jubilados. Si a esas cuestiones nosotros no las vamos a estar mirando, y vamos a pensar en divisiones nuestras\u2026 primero est\u00e1 el bienestar de los vecinos\u201d subray\u00f3 la consejera del PJ.<\/p><\/blockquote>\n","protected":false},"excerpt":{"rendered":"<p>La consejera del PJ estuvo en la cumbre que este lunes se realiz\u00f3 en Moreno. \u201cSon diferencias intrascendentes para las<\/p>\n","protected":false},"author":4,"featured_media":132347,"comment_status":"closed","ping_status":"closed","sticky":false,"template":"","format":"standard","meta":{"_jetpack_memberships_contains_paid_content":false,"footnotes":""},"categories":[4,1],"tags":[],"class_list":["post-132299","post","type-post","status-publish","format-standard","has-post-thumbnail","hentry","category-politica","category-portada"],"jetpack_featured_media_url":"https:\/\/i0.wp.com\/cdnoticias.com\/wp-content\/uploads\/2024\/12\/HCD-liliana-schwindt.jpg?fit=1000%2C556&ssl=1","jetpack_sharing_enabled":true,"_links":{"self":[{"href":"https:\/\/cdnoticias.com\/index.php\/wp-json\/wp\/v2\/posts\/132299","targetHints":{"allow":["GET"]}}],"collection":[{"href":"https:\/\/cdnoticias.com\/index.php\/wp-json\/wp\/v2\/posts"}],"about":[{"href":"https:\/\/cdnoticias.com\/index.php\/wp-json\/wp\/v2\/types\/post"}],"author":[{"embeddable":true,"href":"https:\/\/cdnoticias.com\/index.php\/wp-json\/wp\/v2\/users\/4"}],"replies":[{"embeddable":true,"href":"https:\/\/cdnoticias.com\/index.php\/wp-json\/wp\/v2\/comments?post=132299"}],"version-history":[{"count":0,"href":"https:\/\/cdnoticias.com\/index.php\/wp-json\/wp\/v2\/posts\/132299\/revisions"}],"wp:featuredmedia":[{"embeddable":true,"href":"https:\/\/cdnoticias.com\/index.php\/wp-json\/wp\/v2\/media\/132347"}],"wp:attachment":[{"href":"https:\/\/cdnoticias.com\/index.php\/wp-json\/wp\/v2\/media?parent=132299"}],"wp:term":[{"taxonomy":"category","embeddable":true,"href":"https:\/\/cdnoticias.com\/index.php\/wp-json\/wp\/v2\/categories?post=132299"},{"taxonomy":"post_tag","embeddable":true,"href":"https:\/\/cdnoticias.com\/index.php\/wp-json\/wp\/v2\/tags?post=132299"}],"curies":[{"name":"wp","href":"https:\/\/api.w.org\/{rel}","templated":true}]}}