{"id":132293,"date":"2024-12-10T13:19:59","date_gmt":"2024-12-10T16:19:59","guid":{"rendered":"https:\/\/cdnoticias.com\/?p=132293"},"modified":"2024-12-10T13:20:01","modified_gmt":"2024-12-10T16:20:01","slug":"violencia-familiar-detenido-por-causar-lesiones-graves","status":"publish","type":"post","link":"https:\/\/cdnoticias.com\/index.php\/2024\/12\/10\/violencia-familiar-detenido-por-causar-lesiones-graves\/","title":{"rendered":"Violencia familiar: detenido por causar lesiones graves"},"content":{"rendered":"<p>La medida se hizo efectiva en las \u00faltimas horas en De\u00e1n Funes al 1000 por pedido de la UFI N\u00ba 5 de Olavarr\u00eda. El acusado tiene numerosos antecedentes penales.<!--more--><\/p>\n<hr \/>\n<p>Un <strong>hombre fue detenido<\/strong> en Olavarr\u00eda en el marco de un<strong> grave caso de violencia familiar.<\/strong><\/p>\n<p>Seg\u00fan se pudo saber, intervino <strong>personal de la Comisar\u00eda Segunda<\/strong> para hacer efectiva una <strong>orden de detenci\u00f3n emitida por el Juzgado de Garant\u00edas N\u00ba 2<\/strong> local a solicitud de la<strong> UFI N\u00ba 5 especializada en violencia familiar y de g\u00e9nero<\/strong>.<\/p>\n<blockquote><p>El acusado, de 48 a\u00f1os, fue detenido en una vivienda de De\u00e1n Funes al 1000 en las \u00faltimas horas. Fue alojado en la sede policial de calle San Mart\u00edn y para este mismo martes estaba prevista una audiencia en el edificio del Poder Judicial a fin de que personal de la Fiscal\u00eda lo interrogue.<\/p><\/blockquote>\n<p>El hombre est\u00e1<strong> imputado por \u201clesiones graves\u201d<\/strong> y se pudo confirmar que <strong>cuenta con numerosos antecedentes penales<\/strong>.<\/p>\n<p>Se mantiene en reserva su identidad a fin de resguardar la integridad de las personas afectadas por los hechos investigados.<\/p>\n<p><i><span style=\"font-weight: 400;\">Si sos v\u00edctima o conoces alguien que est\u00e9 sufriendo violencia de g\u00e9nero comun\u00edcate al 144.\u00a0<\/span><\/i><i><span style=\"font-weight: 400;\">Olavarr\u00eda cuenta con un tel\u00e9fono de Guardia en el \u00e1rea de Pol\u00edticas de G\u00e9nero: 02284 \u2013 15583337.\u00a0<\/span><\/i><i><span style=\"font-weight: 400;\">A la par, tambi\u00e9n te pod\u00e9s acercar a la Comisar\u00eda De la Mujer y la Familia en 9 de Julio 2652 o al tel\u00e9fono 2284 480100; o la sede judicial local, en Rufino Fal 2943, tel\u00e9fono 2284 423427.<\/span><\/i><\/p>\n","protected":false},"excerpt":{"rendered":"<p>La medida se hizo efectiva en las \u00faltimas horas en De\u00e1n Funes al 1000 por pedido de la UFI N\u00ba<\/p>\n","protected":false},"author":4,"featured_media":132294,"comment_status":"closed","ping_status":"closed","sticky":false,"template":"","format":"standard","meta":{"_jetpack_memberships_contains_paid_content":false,"footnotes":""},"categories":[14,1],"tags":[],"class_list":["post-132293","post","type-post","status-publish","format-standard","has-post-thumbnail","hentry","category-policiales","category-portada"],"jetpack_featured_media_url":"https:\/\/i0.wp.com\/cdnoticias.com\/wp-content\/uploads\/2024\/12\/dean-funes-1000-detenido.jpg?fit=1000%2C556&ssl=1","jetpack_sharing_enabled":true,"_links":{"self":[{"href":"https:\/\/cdnoticias.com\/index.php\/wp-json\/wp\/v2\/posts\/132293","targetHints":{"allow":["GET"]}}],"collection":[{"href":"https:\/\/cdnoticias.com\/index.php\/wp-json\/wp\/v2\/posts"}],"about":[{"href":"https:\/\/cdnoticias.com\/index.php\/wp-json\/wp\/v2\/types\/post"}],"author":[{"embeddable":true,"href":"https:\/\/cdnoticias.com\/index.php\/wp-json\/wp\/v2\/users\/4"}],"replies":[{"embeddable":true,"href":"https:\/\/cdnoticias.com\/index.php\/wp-json\/wp\/v2\/comments?post=132293"}],"version-history":[{"count":0,"href":"https:\/\/cdnoticias.com\/index.php\/wp-json\/wp\/v2\/posts\/132293\/revisions"}],"wp:featuredmedia":[{"embeddable":true,"href":"https:\/\/cdnoticias.com\/index.php\/wp-json\/wp\/v2\/media\/132294"}],"wp:attachment":[{"href":"https:\/\/cdnoticias.com\/index.php\/wp-json\/wp\/v2\/media?parent=132293"}],"wp:term":[{"taxonomy":"category","embeddable":true,"href":"https:\/\/cdnoticias.com\/index.php\/wp-json\/wp\/v2\/categories?post=132293"},{"taxonomy":"post_tag","embeddable":true,"href":"https:\/\/cdnoticias.com\/index.php\/wp-json\/wp\/v2\/tags?post=132293"}],"curies":[{"name":"wp","href":"https:\/\/api.w.org\/{rel}","templated":true}]}}