{"id":132281,"date":"2024-12-10T19:23:01","date_gmt":"2024-12-10T22:23:01","guid":{"rendered":"https:\/\/cdnoticias.com\/?p=132281"},"modified":"2024-12-10T19:23:02","modified_gmt":"2024-12-10T22:23:02","slug":"el-municipio-relocalizo-puntos-verdes-en-distintos-puntos-de-la-ciudad","status":"publish","type":"post","link":"https:\/\/cdnoticias.com\/index.php\/2024\/12\/10\/el-municipio-relocalizo-puntos-verdes-en-distintos-puntos-de-la-ciudad\/","title":{"rendered":"El Municipio relocaliz\u00f3 Puntos Verdes en distintos puntos de la ciudad"},"content":{"rendered":"\n<p>Los contenedores fueron trasladados a zonas que todav\u00eda no cuentan con la recolecci\u00f3n del Programa GIRO.<\/p>\n\n\n\n<hr class=\"wp-block-separator has-alpha-channel-opacity\"\/>\n\n\n\n<p>La Coordinaci\u00f3n de Ambiente de la Secretar\u00eda de Desarrollo Econ\u00f3mico y Productivo inform\u00f3 la <strong>relocalizaci\u00f3n de Puntos Verdes de nuestra ciudad.<\/strong><\/p>\n\n\n\n<p><\/p>\n\n\n\n<p>Espec\u00edficamente, <strong>siete de estos contenedores fueron trasladados a barrios o zonas de la ciudad que todav\u00eda no cuentan con la recolecci\u00f3n del Programa GIRO.<\/strong> De esta manera, las personas podr\u00e1n realizar una separaci\u00f3n de sus residuos llev\u00e1ndolos hasta estos contendedores.<\/p>\n\n\n\n<p><\/p>\n\n\n\n<p>Las nuevas ubicaciones de los Puntos Verdes son:<\/p>\n\n\n\n<p><\/p>\n\n\n\n<p>-NIDO de Barrio el Progreso (Gamondi casi Mitre)<\/p>\n\n\n\n<p><br>-Alberdi entre Fassina y Grimaldi (Barrio Escuela 6)<\/p>\n\n\n\n<p><br>-Trabajadores casi Ituzaing\u00f3<\/p>\n\n\n\n<p><br>-Col\u00f3n casi Jun\u00edn<\/p>\n\n\n\n<p><br>-Ayacucho y Pueyrred\u00f3n (Caps 7)<\/p>\n\n\n\n<p><br>-Elpidio Gonz\u00e1lez y Lamadrid (Barrio Norte)<\/p>\n\n\n\n<p><br>-Fal casi Beruti (Servicio Territorial 4)<\/p>\n\n\n\n<p><\/p>\n\n\n\n<p><strong>Los Puntos Verdes son solo para disponer las botellas pl\u00e1sticas <\/strong>(tambi\u00e9n se est\u00e1 diagramando la reubicaci\u00f3n de algunos Ecopuntos, que sirven para disponer de manera diferenciada mayor cantidad de residuos).<\/p>\n\n\n\n<p><\/p>\n\n\n\n<p>Para mayor informaci\u00f3n pueden comunicarse con la Coordinaci\u00f3n de Ambiente por correo: gestionambiental@olavarria.gov.ar.<\/p>\n","protected":false},"excerpt":{"rendered":"<p>Los contenedores fueron trasladados a zonas que todav\u00eda no cuentan con la recolecci\u00f3n del Programa GIRO. La Coordinaci\u00f3n de Ambiente<\/p>\n","protected":false},"author":5,"featured_media":132282,"comment_status":"closed","ping_status":"closed","sticky":false,"template":"","format":"standard","meta":{"_jetpack_memberships_contains_paid_content":false,"footnotes":""},"categories":[5,1],"tags":[],"class_list":["post-132281","post","type-post","status-publish","format-standard","has-post-thumbnail","hentry","category-informacion-general","category-portada"],"jetpack_featured_media_url":"https:\/\/i0.wp.com\/cdnoticias.com\/wp-content\/uploads\/2024\/12\/puntos-verdes-768x1024-1.jpg?fit=800%2C446&ssl=1","jetpack_sharing_enabled":true,"_links":{"self":[{"href":"https:\/\/cdnoticias.com\/index.php\/wp-json\/wp\/v2\/posts\/132281","targetHints":{"allow":["GET"]}}],"collection":[{"href":"https:\/\/cdnoticias.com\/index.php\/wp-json\/wp\/v2\/posts"}],"about":[{"href":"https:\/\/cdnoticias.com\/index.php\/wp-json\/wp\/v2\/types\/post"}],"author":[{"embeddable":true,"href":"https:\/\/cdnoticias.com\/index.php\/wp-json\/wp\/v2\/users\/5"}],"replies":[{"embeddable":true,"href":"https:\/\/cdnoticias.com\/index.php\/wp-json\/wp\/v2\/comments?post=132281"}],"version-history":[{"count":0,"href":"https:\/\/cdnoticias.com\/index.php\/wp-json\/wp\/v2\/posts\/132281\/revisions"}],"wp:featuredmedia":[{"embeddable":true,"href":"https:\/\/cdnoticias.com\/index.php\/wp-json\/wp\/v2\/media\/132282"}],"wp:attachment":[{"href":"https:\/\/cdnoticias.com\/index.php\/wp-json\/wp\/v2\/media?parent=132281"}],"wp:term":[{"taxonomy":"category","embeddable":true,"href":"https:\/\/cdnoticias.com\/index.php\/wp-json\/wp\/v2\/categories?post=132281"},{"taxonomy":"post_tag","embeddable":true,"href":"https:\/\/cdnoticias.com\/index.php\/wp-json\/wp\/v2\/tags?post=132281"}],"curies":[{"name":"wp","href":"https:\/\/api.w.org\/{rel}","templated":true}]}}