{"id":132254,"date":"2024-12-10T08:26:44","date_gmt":"2024-12-10T11:26:44","guid":{"rendered":"https:\/\/cdnoticias.com\/?p=132254"},"modified":"2024-12-12T11:56:06","modified_gmt":"2024-12-12T14:56:06","slug":"raul-hector-arguello-cacho-q-e-p-d","status":"publish","type":"post","link":"https:\/\/cdnoticias.com\/index.php\/2024\/12\/10\/raul-hector-arguello-cacho-q-e-p-d\/","title":{"rendered":"Ra\u00fal H\u00e9ctor Arguello &#8220;Cacho&#8221; (Q.E.P.D.)"},"content":{"rendered":"<p>Falleci\u00f3 en Olavarr\u00eda el d\u00eda 9 de diciembre de 2024 a los 80 a\u00f1os de edad.<\/p>\n<p>Su esposa Blanca Orliacq. Su hija Valeria Arguello. Su hijo pol\u00edtico Mingo Bianco. Sus nietos Aylen y Gian Bianco. Su hermana Ines. Sus hermanos pol\u00edticos Sergio Ruiz, Marta Orliacq y Jorge Herrera. Sus sobrinos. Sus sobrinos pol\u00edticos y dem\u00e1s deudos participan su fallecimiento.<\/p>\n<p>Velatorio: Espa\u00f1a 2942, Departamento \u201cC\u201d. El velatorio comienza a las 6:00 horas (horario de finalizaci\u00f3n a confirmar). Responso: Capilla Ardiente. Inhumaci\u00f3n: Crematorio Pinos de Paz, \u00a0Jueves 12 de diciembre a las 15:30 hs. Servicio adherido a Coopelectric.<\/p>\n<p>Vecino de Barrio Santa Isabel.<\/p>\n<p>Lugar de nacimiento: Nacido en Pardo.<\/p>\n<p>Actividad que desarrollaba: Jubilado.<\/p>\n","protected":false},"excerpt":{"rendered":"<p>Falleci\u00f3 en Olavarr\u00eda el d\u00eda 9 de diciembre de 2024 a los 80 a\u00f1os de edad. Su esposa Blanca Orliacq.<\/p>\n","protected":false},"author":4,"featured_media":51544,"comment_status":"closed","ping_status":"closed","sticky":false,"template":"","format":"standard","meta":{"_jetpack_memberships_contains_paid_content":false,"footnotes":""},"categories":[10],"tags":[],"class_list":["post-132254","post","type-post","status-publish","format-standard","has-post-thumbnail","hentry","category-necrologicas"],"jetpack_featured_media_url":"https:\/\/i0.wp.com\/cdnoticias.com\/wp-content\/uploads\/2022\/04\/necrologicas-390-x-240.jpg?fit=390%2C240&ssl=1","jetpack_sharing_enabled":true,"_links":{"self":[{"href":"https:\/\/cdnoticias.com\/index.php\/wp-json\/wp\/v2\/posts\/132254","targetHints":{"allow":["GET"]}}],"collection":[{"href":"https:\/\/cdnoticias.com\/index.php\/wp-json\/wp\/v2\/posts"}],"about":[{"href":"https:\/\/cdnoticias.com\/index.php\/wp-json\/wp\/v2\/types\/post"}],"author":[{"embeddable":true,"href":"https:\/\/cdnoticias.com\/index.php\/wp-json\/wp\/v2\/users\/4"}],"replies":[{"embeddable":true,"href":"https:\/\/cdnoticias.com\/index.php\/wp-json\/wp\/v2\/comments?post=132254"}],"version-history":[{"count":0,"href":"https:\/\/cdnoticias.com\/index.php\/wp-json\/wp\/v2\/posts\/132254\/revisions"}],"wp:featuredmedia":[{"embeddable":true,"href":"https:\/\/cdnoticias.com\/index.php\/wp-json\/wp\/v2\/media\/51544"}],"wp:attachment":[{"href":"https:\/\/cdnoticias.com\/index.php\/wp-json\/wp\/v2\/media?parent=132254"}],"wp:term":[{"taxonomy":"category","embeddable":true,"href":"https:\/\/cdnoticias.com\/index.php\/wp-json\/wp\/v2\/categories?post=132254"},{"taxonomy":"post_tag","embeddable":true,"href":"https:\/\/cdnoticias.com\/index.php\/wp-json\/wp\/v2\/tags?post=132254"}],"curies":[{"name":"wp","href":"https:\/\/api.w.org\/{rel}","templated":true}]}}