{"id":132246,"date":"2024-12-09T19:34:00","date_gmt":"2024-12-09T22:34:00","guid":{"rendered":"https:\/\/cdnoticias.com\/?p=132246"},"modified":"2024-12-10T08:09:42","modified_gmt":"2024-12-10T11:09:42","slug":"un-sector-de-microcentro-estara-sin-luz-este-martes","status":"publish","type":"post","link":"https:\/\/cdnoticias.com\/index.php\/2024\/12\/09\/un-sector-de-microcentro-estara-sin-luz-este-martes\/","title":{"rendered":"Un sector de Microcentro estar\u00e1 sin luz este martes"},"content":{"rendered":"\n<p>Ser\u00e1 de 08:00 a 11:00 horas por tareas de mantenimiento.<\/p>\n\n\n\n<hr class=\"wp-block-separator aligncenter has-alpha-channel-opacity\"\/>\n\n\n\n<p>Coopelectric inform\u00f3 que<strong> este martes 10 de diciembre un sector de Microcentro estar\u00e1 sin luz por tareas de mantenimiento.<\/strong><\/p>\n\n\n\n<p>Ser\u00e1 en el sector comprendido entre <strong>25 de Mayo, Bol\u00edvar, las v\u00edas del ferrocarril y avenida Del Valle.<\/strong><\/p>\n\n\n\n<p>Se record\u00f3 que<strong> si las condiciones clim\u00e1ticas son adversas, puede suspenderse y reprogramarse.<\/strong><\/p>\n\n\n\n<p><\/p>\n","protected":false},"excerpt":{"rendered":"<p>Ser\u00e1 de 08:00 a 11:00 horas por tareas de mantenimiento. Coopelectric inform\u00f3 que este martes 10 de diciembre un sector<\/p>\n","protected":false},"author":2,"featured_media":55017,"comment_status":"closed","ping_status":"closed","sticky":false,"template":"","format":"standard","meta":{"_jetpack_memberships_contains_paid_content":false,"footnotes":""},"categories":[5,1],"tags":[],"class_list":["post-132246","post","type-post","status-publish","format-standard","has-post-thumbnail","hentry","category-informacion-general","category-portada"],"jetpack_featured_media_url":"https:\/\/i0.wp.com\/cdnoticias.com\/wp-content\/uploads\/2022\/05\/Coopelectric-01.jpeg?fit=1600%2C1200&ssl=1","jetpack_sharing_enabled":true,"_links":{"self":[{"href":"https:\/\/cdnoticias.com\/index.php\/wp-json\/wp\/v2\/posts\/132246","targetHints":{"allow":["GET"]}}],"collection":[{"href":"https:\/\/cdnoticias.com\/index.php\/wp-json\/wp\/v2\/posts"}],"about":[{"href":"https:\/\/cdnoticias.com\/index.php\/wp-json\/wp\/v2\/types\/post"}],"author":[{"embeddable":true,"href":"https:\/\/cdnoticias.com\/index.php\/wp-json\/wp\/v2\/users\/2"}],"replies":[{"embeddable":true,"href":"https:\/\/cdnoticias.com\/index.php\/wp-json\/wp\/v2\/comments?post=132246"}],"version-history":[{"count":0,"href":"https:\/\/cdnoticias.com\/index.php\/wp-json\/wp\/v2\/posts\/132246\/revisions"}],"wp:featuredmedia":[{"embeddable":true,"href":"https:\/\/cdnoticias.com\/index.php\/wp-json\/wp\/v2\/media\/55017"}],"wp:attachment":[{"href":"https:\/\/cdnoticias.com\/index.php\/wp-json\/wp\/v2\/media?parent=132246"}],"wp:term":[{"taxonomy":"category","embeddable":true,"href":"https:\/\/cdnoticias.com\/index.php\/wp-json\/wp\/v2\/categories?post=132246"},{"taxonomy":"post_tag","embeddable":true,"href":"https:\/\/cdnoticias.com\/index.php\/wp-json\/wp\/v2\/tags?post=132246"}],"curies":[{"name":"wp","href":"https:\/\/api.w.org\/{rel}","templated":true}]}}